{"id":34844,"date":"2025-06-13T15:36:32","date_gmt":"2025-06-13T12:36:32","guid":{"rendered":"https:\/\/www.egemtv.com\/?p=34844"},"modified":"2025-06-13T15:36:37","modified_gmt":"2025-06-13T12:36:37","slug":"stant-kurmak-isterken-kayaliklara-dusen-yasli-adam-yaralandi","status":"publish","type":"post","link":"https:\/\/www.egemtv.com\/?p=34844","title":{"rendered":"Stant kurmak isterken kayal\u0131klara d\u00fc\u015fen ya\u015fl\u0131 adam yaraland\u0131"},"content":{"rendered":"<p>E\u011firdir il\u00e7esinde fuar i\u00e7in stant kurmaya haz\u0131rlanan ya\u015fl\u0131 adam, dengesini kaybederek kayal\u0131klara yuvarland\u0131. Yaral\u0131, \u00e7evredekilerin de yard\u0131m\u0131yla ambulansla hastaneye kald\u0131r\u0131ld\u0131.<br \/>\n<br \/>Olay, Isparta\u2019n\u0131n E\u011firdir il\u00e7esinde otogar arkas\u0131ndaki fuar alan\u0131nda meydana geldi. Edinilen bilgilere g\u00f6re, fuarda oyuncak sat\u0131\u015f\u0131 yapt\u0131\u011f\u0131 \u00f6\u011frenilen ya\u015fl\u0131 adam, stant haz\u0131rl\u0131\u011f\u0131 yapt\u0131\u011f\u0131 s\u0131rada dengesini kaybederek E\u011firdir G\u00f6l\u00fc k\u0131y\u0131s\u0131nda bulunan kayal\u0131k alana yuvarland\u0131. \u0130sminin Yusuf Uysal oldu\u011fu \u00f6\u011frenilen adam\u0131n yere d\u00fc\u015ferek yaraland\u0131\u011f\u0131n\u0131 g\u00f6ren \u00e7evredeki vatanda\u015flar, durumu hemen 112 Acil \u00c7a\u011fr\u0131 Merkezi\u2019ne bildirdi. Olay yerine polis ve sa\u011fl\u0131k ekipleri sevk edildi. K\u0131sa s\u00fcrede b\u00f6lgeye ula\u015fan sa\u011fl\u0131k ekipleri, vatanda\u015flar\u0131n da yard\u0131m\u0131yla kayal\u0131klara inerek Uysal\u2019a ilk m\u00fcdahaleyi yapt\u0131. Yaral\u0131, sedyeyle ta\u015f\u0131nd\u0131ktan sonra ambulansla E\u011firdir Devlet Hastanesi\u2019ne kald\u0131r\u0131ld\u0131. Olayla ilgili inceleme ba\u015flat\u0131ld\u0131.<br \/><\/p>\n","protected":false},"excerpt":{"rendered":"<p>E\u011firdir il\u00e7esinde fuar i\u00e7in stant kurmaya haz\u0131rlanan ya\u015fl\u0131 adam, dengesini kaybederek kayal\u0131klara yuvarland\u0131. Yaral\u0131, \u00e7evredekilerin de yard\u0131m\u0131yla ambulansla hastaneye kald\u0131r\u0131ld\u0131. Olay, Isparta\u2019n\u0131n E\u011firdir il\u00e7esinde otogar arkas\u0131ndaki fuar alan\u0131nda meydana geldi. Edinilen bilgilere g\u00f6re, fuarda oyuncak sat\u0131\u015f\u0131 yapt\u0131\u011f\u0131 \u00f6\u011frenilen ya\u015fl\u0131 adam, stant haz\u0131rl\u0131\u011f\u0131 yapt\u0131\u011f\u0131 s\u0131rada dengesini kaybederek E\u011firdir G\u00f6l\u00fc k\u0131y\u0131s\u0131nda bulunan kayal\u0131k alana yuvarland\u0131. \u0130sminin Yusuf&#8230;<\/p>\n","protected":false},"author":1,"featured_media":34845,"comment_status":"open","ping_status":"open","sticky":false,"template":"","format":"standard","meta":{"_crdt_document":"","footnotes":""},"categories":[5],"tags":[],"class_list":["post-34844","post","type-post","status-publish","format-standard","has-post-thumbnail","hentry","category-asayis"],"_links":{"self":[{"href":"https:\/\/www.egemtv.com\/index.php?rest_route=\/wp\/v2\/posts\/34844","targetHints":{"allow":["GET"]}}],"collection":[{"href":"https:\/\/www.egemtv.com\/index.php?rest_route=\/wp\/v2\/posts"}],"about":[{"href":"https:\/\/www.egemtv.com\/index.php?rest_route=\/wp\/v2\/types\/post"}],"author":[{"embeddable":true,"href":"https:\/\/www.egemtv.com\/index.php?rest_route=\/wp\/v2\/users\/1"}],"replies":[{"embeddable":true,"href":"https:\/\/www.egemtv.com\/index.php?rest_route=%2Fwp%2Fv2%2Fcomments&post=34844"}],"version-history":[{"count":1,"href":"https:\/\/www.egemtv.com\/index.php?rest_route=\/wp\/v2\/posts\/34844\/revisions"}],"predecessor-version":[{"id":34846,"href":"https:\/\/www.egemtv.com\/index.php?rest_route=\/wp\/v2\/posts\/34844\/revisions\/34846"}],"wp:featuredmedia":[{"embeddable":true,"href":"https:\/\/www.egemtv.com\/index.php?rest_route=\/wp\/v2\/media\/34845"}],"wp:attachment":[{"href":"https:\/\/www.egemtv.com\/index.php?rest_route=%2Fwp%2Fv2%2Fmedia&parent=34844"}],"wp:term":[{"taxonomy":"category","embeddable":true,"href":"https:\/\/www.egemtv.com\/index.php?rest_route=%2Fwp%2Fv2%2Fcategories&post=34844"},{"taxonomy":"post_tag","embeddable":true,"href":"https:\/\/www.egemtv.com\/index.php?rest_route=%2Fwp%2Fv2%2Ftags&post=34844"}],"curies":[{"name":"wp","href":"https:\/\/api.w.org\/{rel}","templated":true}]}}