{"id":34841,"date":"2025-06-13T15:16:35","date_gmt":"2025-06-13T12:16:35","guid":{"rendered":"https:\/\/www.egemtv.com\/?p=34841"},"modified":"2025-06-13T15:16:39","modified_gmt":"2025-06-13T12:16:39","slug":"turgutlu-belediyesinin-kampanyasina-rekor-bagis","status":"publish","type":"post","link":"https:\/\/www.egemtv.com\/?p=34841","title":{"rendered":"Turgutlu Belediyesinin kampanyas\u0131na rekor ba\u011f\u0131\u015f"},"content":{"rendered":"<p>Turgutlu Belediyesinin Kurban Bayram\u0131\u2019nda ba\u015flatt\u0131\u011f\u0131 &#8220;Sizden gelen ba\u011f\u0131\u015flarla a\u015f olal\u0131m sofralara&#8221; kampanyas\u0131, kentte \u00f6rnek bir dayan\u0131\u015fmaya sahne olurken, bu sene 13,700 tonluk kurban eti ba\u011f\u0131\u015f\u0131yla rekor k\u0131r\u0131ld\u0131\u011f\u0131 \u00f6\u011frenildi.<br \/>\n<br \/>\u0130nsan odakl\u0131 sosyal belediyecili\u011fi merkezine alan Turgutlu Belediyesi, Kurban Bayram\u0131 dolay\u0131s\u0131yla ba\u015flatt\u0131\u011f\u0131 &#8220;Sizden gelen ba\u011f\u0131\u015flarla a\u015f olal\u0131m sofralara&#8221; kampanyas\u0131 arac\u0131l\u0131\u011f\u0131yla bu y\u0131l da b\u00fcy\u00fck bir dayan\u0131\u015fma \u00f6rne\u011fine sahne oldu. 2019 y\u0131l\u0131ndan bu yana her y\u0131l katlanarak b\u00fcy\u00fcyen kurban ba\u011f\u0131\u015flar\u0131, 2025 y\u0131l\u0131nda da zirveye ula\u015ft\u0131.<br \/>\n<br \/>Kampanya kapsam\u0131nda 500 tam kuzu, 10 ton kuzu eti ve 3,700 ton dana eti olmak \u00fczere toplamda 13,700 ton et ba\u011f\u0131\u015f\u0131 topland\u0131. Ba\u011f\u0131\u015flanan kurban etleri, y\u0131l boyunca A\u015fevi ve Hay\u0131r Merkezi arac\u0131l\u0131\u011f\u0131yla s\u0131cak yemek olarak ihtiya\u00e7 sahibi ailelere ula\u015ft\u0131r\u0131lacak.<\/p>\n<p>&#8220;Turgutlu halk\u0131 bu y\u0131l da b\u00fcy\u00fck bir g\u00f6n\u00fcl birli\u011fi \u00f6rne\u011fi sergiledi&#8221;<br \/>\n<br \/>Turgutlu Belediye Ba\u015fkan\u0131 \u00c7etin Ak\u0131n, kampanyaya destek veren t\u00fcm hay\u0131rseverlere te\u015fekk\u00fcr ederek, &#8220;Turgutlu halk\u0131 bir kez daha dayan\u0131\u015fma k\u00fclt\u00fcr\u00fcn\u00fc en g\u00fc\u00e7l\u00fc \u015fekilde g\u00f6sterdi, bu y\u0131l da b\u00fcy\u00fck bir g\u00f6n\u00fcl birli\u011fi \u00f6rne\u011fi sergiledi. Kurban Bayram\u0131 s\u00fcresince 13,700 ton gibi ciddi ba\u011f\u0131\u015f toplad\u0131k. Her y\u0131l artan bu destek, hem\u015fehrilerimizin ne kadar duyarl\u0131 oldu\u011funu ve belediyemize ne denli g\u00fcvendi\u011fini bir kez daha g\u00f6sterdi. Ba\u011f\u0131\u015flanan etleri y\u0131l boyunca ihtiya\u00e7 sahibi hem\u015fehrilerimizin sofras\u0131na s\u0131cak yemek olarak ula\u015ft\u0131raca\u011f\u0131z. Bu anlaml\u0131 dayan\u0131\u015fmada eme\u011fi ge\u00e7en hay\u0131rseverlerimize, t\u00fcm hem\u015fehrilerimize g\u00f6n\u00fclden te\u015fekk\u00fcrlerimi ve \u015f\u00fckranlar\u0131m\u0131 sunuyorum&#8221; dedi.<br \/><\/p>\n","protected":false},"excerpt":{"rendered":"<p>Turgutlu Belediyesinin Kurban Bayram\u0131\u2019nda ba\u015flatt\u0131\u011f\u0131 &#8220;Sizden gelen ba\u011f\u0131\u015flarla a\u015f olal\u0131m sofralara&#8221; kampanyas\u0131, kentte \u00f6rnek bir dayan\u0131\u015fmaya sahne olurken, bu sene 13,700 tonluk kurban eti ba\u011f\u0131\u015f\u0131yla rekor k\u0131r\u0131ld\u0131\u011f\u0131 \u00f6\u011frenildi. \u0130nsan odakl\u0131 sosyal belediyecili\u011fi merkezine alan Turgutlu Belediyesi, Kurban Bayram\u0131 dolay\u0131s\u0131yla ba\u015flatt\u0131\u011f\u0131 &#8220;Sizden gelen ba\u011f\u0131\u015flarla a\u015f olal\u0131m sofralara&#8221; kampanyas\u0131 arac\u0131l\u0131\u011f\u0131yla bu y\u0131l da b\u00fcy\u00fck bir dayan\u0131\u015fma \u00f6rne\u011fine&#8230;<\/p>\n","protected":false},"author":1,"featured_media":34842,"comment_status":"open","ping_status":"open","sticky":false,"template":"","format":"standard","meta":{"_crdt_document":"","footnotes":""},"categories":[123],"tags":[],"class_list":["post-34841","post","type-post","status-publish","format-standard","has-post-thumbnail","hentry","category-gundem"],"_links":{"self":[{"href":"https:\/\/www.egemtv.com\/index.php?rest_route=\/wp\/v2\/posts\/34841","targetHints":{"allow":["GET"]}}],"collection":[{"href":"https:\/\/www.egemtv.com\/index.php?rest_route=\/wp\/v2\/posts"}],"about":[{"href":"https:\/\/www.egemtv.com\/index.php?rest_route=\/wp\/v2\/types\/post"}],"author":[{"embeddable":true,"href":"https:\/\/www.egemtv.com\/index.php?rest_route=\/wp\/v2\/users\/1"}],"replies":[{"embeddable":true,"href":"https:\/\/www.egemtv.com\/index.php?rest_route=%2Fwp%2Fv2%2Fcomments&post=34841"}],"version-history":[{"count":1,"href":"https:\/\/www.egemtv.com\/index.php?rest_route=\/wp\/v2\/posts\/34841\/revisions"}],"predecessor-version":[{"id":34843,"href":"https:\/\/www.egemtv.com\/index.php?rest_route=\/wp\/v2\/posts\/34841\/revisions\/34843"}],"wp:featuredmedia":[{"embeddable":true,"href":"https:\/\/www.egemtv.com\/index.php?rest_route=\/wp\/v2\/media\/34842"}],"wp:attachment":[{"href":"https:\/\/www.egemtv.com\/index.php?rest_route=%2Fwp%2Fv2%2Fmedia&parent=34841"}],"wp:term":[{"taxonomy":"category","embeddable":true,"href":"https:\/\/www.egemtv.com\/index.php?rest_route=%2Fwp%2Fv2%2Fcategories&post=34841"},{"taxonomy":"post_tag","embeddable":true,"href":"https:\/\/www.egemtv.com\/index.php?rest_route=%2Fwp%2Fv2%2Ftags&post=34841"}],"curies":[{"name":"wp","href":"https:\/\/api.w.org\/{rel}","templated":true}]}}