{"id":34838,"date":"2025-06-13T15:16:30","date_gmt":"2025-06-13T12:16:30","guid":{"rendered":"https:\/\/www.egemtv.com\/?p=34838"},"modified":"2025-06-13T15:16:35","modified_gmt":"2025-06-13T12:16:35","slug":"baskan-zeyreki-kurtarmak-icin-zamanla-yarisildi","status":"publish","type":"post","link":"https:\/\/www.egemtv.com\/?p=34838","title":{"rendered":"Ba\u015fkan Zeyrek\u2019i kurtarmak i\u00e7in zamanla yar\u0131\u015f\u0131ld\u0131"},"content":{"rendered":"<p>Manisa B\u00fcy\u00fck\u015fehir Belediye Ba\u015fkan\u0131 Ferdi Zeyrek\u2019in, 6 Haziran gecesi evinin havuz k\u0131sm\u0131nda ya\u015fad\u0131\u011f\u0131 elektrik ak\u0131m\u0131na kap\u0131lmas\u0131 sonucu a\u011f\u0131r yaralanmas\u0131yla ba\u015flayan ya\u015fam m\u00fccadelesi, 9 Haziran g\u00fcn\u00fc saat 17.05\u2019te tedavi g\u00f6rd\u00fc\u011f\u00fc yo\u011fun bak\u0131m \u00fcnitesinde sona erdi. \u0130lk m\u00fcdahale an\u0131ndan itibaren y\u00fcr\u00fct\u00fclen sa\u011fl\u0131k \u00e7al\u0131\u015fmalar\u0131 ve t\u00fcm s\u00fcrecin detaylar\u0131 T\u00fcrkiye\u2019nin g\u00fcndemine oturdu.<br \/>\n<br \/>Ba\u015fkan Zeyrek\u2019in ya\u015fam sava\u015f\u0131, 6 Haziran Cuma gecesi saat 23.33\u2019te Ke\u00e7ilik\u00f6y Mahallesi\u2019ndeki evinden gelen 112 ihbar\u0131yla ba\u015flad\u0131. Elektrik ak\u0131m\u0131na kap\u0131larak kuyuya d\u00fc\u015ft\u00fc\u011f\u00fc bildirilen Zeyrek i\u00e7in olay yerine ilk olarak doktorlu sa\u011fl\u0131k ekibi sevk edildi. Saat 23.41\u2019de olay yerine ula\u015fan ekipler, ilk m\u00fcdahaleyi ger\u00e7ekle\u015ftirdi. Olay\u0131n ciddiyetinin anla\u015f\u0131lmas\u0131 \u00fczerine ikinci bir ekip daha y\u00f6nlendirildi.<br \/>\n<br \/>Zeyrek, saat 00.07\u2019de hastaneye sevk edilirken, saat 00.11 itibariyle Manisa Celal Bayar \u00dcniversitesi Hafsa Sultan Hastanesi\u2019ne ula\u015ft\u0131r\u0131ld\u0131. \u0130lk de\u011ferlendirmelerde kalbinin durmu\u015f oldu\u011fu tespit edilen Zeyrek\u2019e yakla\u015f\u0131k 90 dakika boyunca kalp masaj\u0131 uyguland\u0131. Saat 01.11\u2019de yo\u011fun bak\u0131m \u00fcnitesine al\u0131nd\u0131. Oksijen seviyesinin y\u00fckseltilmesi amac\u0131yla saat 03.00\u2019te ECMO tedavisine karar verildi. \u0130zmir\u2019den getirilen ekipmanlarla birlikte sabaha kar\u015f\u0131 05.30\u2019da kalp damar cerrah\u0131 taraf\u0131ndan i\u015flem tamamlanarak Zeyrek, ECMO cihaz\u0131na ba\u011fland\u0131.<br \/>\n<br \/>Manisa Valisi Vahdettin \u00d6zkan, olay\u0131n ilk an\u0131ndan itibaren s\u00fcreci yak\u0131ndan takip ederek hem sa\u011fl\u0131k m\u00fcdahalesi hem de sonraki ad\u0131mlar\u0131n koordinasyonunu titizlikle y\u00fcr\u00fctt\u00fc. Zeyrek\u2019in ya\u015fam m\u00fccadelesi s\u00fcrerken, Valilik \u00f6nc\u00fcl\u00fc\u011f\u00fcnde sa\u011fl\u0131k, emniyet ve belediye birimleri aras\u0131nda koordinasyon toplant\u0131lar\u0131 d\u00fczenlendi.<br \/>\n<br \/>Ba\u015fkan Zeyrek\u2019in durumu 7 ve 8 Haziran tarihlerinde kritik \u015fekilde devam ederken, Valilik koordinasyonunda bas\u0131na do\u011fru bilgi aktar\u0131m\u0131 i\u00e7in hastane bas\u0131n odas\u0131 olu\u015fturuldu. MCB\u00dc Ba\u015fhekimi Prof. Dr. \u0130smet Top\u00e7u taraf\u0131ndan 11.00 ve 17.00 saatleri aras\u0131nda bas\u0131na bilgilendirme toplant\u0131lar\u0131 d\u00fczenlendi. Ancak 9 Haziran g\u00fcn\u00fc saat 17.05\u2019te t\u00fcm m\u00fcdahalelere ra\u011fmen Ba\u015fkan Zeyrek\u2019in kalp durmas\u0131 sonucu ya\u015fam\u0131n\u0131 yitirdi\u011fi a\u00e7\u0131kland\u0131.<\/p>\n<p>620 polisin g\u00fcvenli\u011fi sa\u011flad\u0131\u011f\u0131 t\u00f6rende, 51 ki\u015fiye t\u0131bb\u0131 m\u00fcdahale yap\u0131ld\u0131<br \/>\n<br \/>Manisa Valisi ba\u015fkanl\u0131\u011f\u0131nda B\u00fcy\u00fck\u015fehir Belediyesi, sa\u011fl\u0131k, emniyet ve di\u011fer ilgili birimlerle yap\u0131lan koordinasyon toplant\u0131lar\u0131 ile merhumun u\u011furlanmas\u0131 i\u015flemlerine ili\u015fkin krokiler de \u00e7\u0131kart\u0131larak defin \u00f6ncesi\/s\u0131ras\u0131\/sonras\u0131nda gerekli t\u00fcm tedbirler al\u0131nd\u0131. Valilik koordinasyonunda belediye, sa\u011fl\u0131k ve emniyet birimleri cenaze planlamalar\u0131 i\u00e7in topland\u0131.<br \/>\n<br \/>10 Haziran Sal\u0131 g\u00fcn\u00fc Manisa B\u00fcy\u00fck\u015fehir Belediyesi \u00f6n\u00fcnde d\u00fczenlenen resmi t\u00f6renin ard\u0131ndan Zeyrek\u2019in naa\u015f\u0131 Hatuniye Camii\u2019ne getirildi. \u00d6\u011fle namaz\u0131n\u0131n ard\u0131ndan Cumhuriyet Meydan\u0131\u2019nda on binlerce vatanda\u015f\u0131n kat\u0131l\u0131m\u0131yla cenaze namaz\u0131 k\u0131l\u0131nd\u0131. Zeyrek, \u00c7atal Mezarl\u0131\u011f\u0131\u2019ndaki aile kabristan\u0131nda topra\u011fa verildi.<br \/>\n<br \/>Cenaze t\u00f6reni s\u0131ras\u0131nda valilik koordinesinde emniyet ekiplerince geni\u015f g\u00fcvenlik \u00f6nlemleri al\u0131n\u0131rken, bir sahra hastanesi kurulmas\u0131 da dahil olmak \u00fczere sa\u011fl\u0131k ekipleri teyakkuzda bekledi. T\u00f6rende 5 doktor, 4 ambulans, 25 UMKE ve 17 sa\u011fl\u0131k personeli g\u00f6rev ald\u0131. 620 polis g\u00fcvenli\u011fi sa\u011flarken, fenala\u015fan 51 ki\u015fiye t\u0131bbi m\u00fcdahale yap\u0131ld\u0131.<br \/>\n<br \/>10-12 Haziran tarihleri aras\u0131nda CHP Genel Ba\u015fkan\u0131 \u00d6zg\u00fcr \u00d6zel\u2019in de kat\u0131l\u0131m\u0131yla Fatih Sergi Salonu\u2019nda taziye kabul\u00fc ger\u00e7ekle\u015ftirildi. Zeyrek\u2019in ani vefat\u0131 sadece Manisa\u2019y\u0131 de\u011fil, t\u00fcm T\u00fcrkiye\u2019yi yasa bo\u011farken; devletin t\u00fcm kademeleri, ailesi ve sevenleri ac\u0131y\u0131 birlikte payla\u015ft\u0131.<br \/><\/p>\n","protected":false},"excerpt":{"rendered":"<p>Manisa B\u00fcy\u00fck\u015fehir Belediye Ba\u015fkan\u0131 Ferdi Zeyrek\u2019in, 6 Haziran gecesi evinin havuz k\u0131sm\u0131nda ya\u015fad\u0131\u011f\u0131 elektrik ak\u0131m\u0131na kap\u0131lmas\u0131 sonucu a\u011f\u0131r yaralanmas\u0131yla ba\u015flayan ya\u015fam m\u00fccadelesi, 9 Haziran g\u00fcn\u00fc saat 17.05\u2019te tedavi g\u00f6rd\u00fc\u011f\u00fc yo\u011fun bak\u0131m \u00fcnitesinde sona erdi. \u0130lk m\u00fcdahale an\u0131ndan itibaren y\u00fcr\u00fct\u00fclen sa\u011fl\u0131k \u00e7al\u0131\u015fmalar\u0131 ve t\u00fcm s\u00fcrecin detaylar\u0131 T\u00fcrkiye\u2019nin g\u00fcndemine oturdu. Ba\u015fkan Zeyrek\u2019in ya\u015fam sava\u015f\u0131, 6 Haziran Cuma&#8230;<\/p>\n","protected":false},"author":1,"featured_media":34839,"comment_status":"open","ping_status":"open","sticky":false,"template":"","format":"standard","meta":{"_crdt_document":"","footnotes":""},"categories":[123],"tags":[],"class_list":["post-34838","post","type-post","status-publish","format-standard","has-post-thumbnail","hentry","category-gundem"],"_links":{"self":[{"href":"https:\/\/www.egemtv.com\/index.php?rest_route=\/wp\/v2\/posts\/34838","targetHints":{"allow":["GET"]}}],"collection":[{"href":"https:\/\/www.egemtv.com\/index.php?rest_route=\/wp\/v2\/posts"}],"about":[{"href":"https:\/\/www.egemtv.com\/index.php?rest_route=\/wp\/v2\/types\/post"}],"author":[{"embeddable":true,"href":"https:\/\/www.egemtv.com\/index.php?rest_route=\/wp\/v2\/users\/1"}],"replies":[{"embeddable":true,"href":"https:\/\/www.egemtv.com\/index.php?rest_route=%2Fwp%2Fv2%2Fcomments&post=34838"}],"version-history":[{"count":1,"href":"https:\/\/www.egemtv.com\/index.php?rest_route=\/wp\/v2\/posts\/34838\/revisions"}],"predecessor-version":[{"id":34840,"href":"https:\/\/www.egemtv.com\/index.php?rest_route=\/wp\/v2\/posts\/34838\/revisions\/34840"}],"wp:featuredmedia":[{"embeddable":true,"href":"https:\/\/www.egemtv.com\/index.php?rest_route=\/wp\/v2\/media\/34839"}],"wp:attachment":[{"href":"https:\/\/www.egemtv.com\/index.php?rest_route=%2Fwp%2Fv2%2Fmedia&parent=34838"}],"wp:term":[{"taxonomy":"category","embeddable":true,"href":"https:\/\/www.egemtv.com\/index.php?rest_route=%2Fwp%2Fv2%2Fcategories&post=34838"},{"taxonomy":"post_tag","embeddable":true,"href":"https:\/\/www.egemtv.com\/index.php?rest_route=%2Fwp%2Fv2%2Ftags&post=34838"}],"curies":[{"name":"wp","href":"https:\/\/api.w.org\/{rel}","templated":true}]}}