{"id":34835,"date":"2025-06-13T14:35:45","date_gmt":"2025-06-13T11:35:45","guid":{"rendered":"https:\/\/www.egemtv.com\/?p=34835"},"modified":"2025-06-13T14:35:50","modified_gmt":"2025-06-13T11:35:50","slug":"meslek-lisesi-ogrencilerine-tesekkur-belgesi","status":"publish","type":"post","link":"https:\/\/www.egemtv.com\/?p=34835","title":{"rendered":"Meslek lisesi \u00f6\u011frencilerine te\u015fekk\u00fcr belgesi"},"content":{"rendered":"<p>Afyonkarahisar Tapu M\u00fcd\u00fcrl\u00fc\u011f\u00fcnde dokuz ay s\u00fcreyle staj yapan Yusuf \u00d6zer Mesleki ve Teknik Anadolu Lisesi Harita-Tapu-Kadastro B\u00f6l\u00fcm\u00fc 12.\u2019nci s\u0131n\u0131f \u00f6\u011frencilerine belgelerini Vali Yard\u0131mc\u0131s\u0131 V. Ali Ar\u0131kan takdim etti.<br \/>\n<br \/>2024-2025 e\u011fitim-\u00f6\u011fretim y\u0131l\u0131 i\u00e7erisinde dokuz ay s\u00fcreyle Afyonkarahisar Tapu M\u00fcd\u00fcrl\u00fc\u011f\u00fcnde staj yapan \u00f6\u011frenciler, Seher \u00d6zl\u00fc, Arda Akp\u0131nar, \u0130layda Ko\u00e7, Tuana Nur Y\u0131lmaz, Ebrar \u00d6nkal, Enes Uygun ve Samet Aksoy stajlar\u0131n\u0131 ba\u015far\u0131yla tamamlad\u0131.<br \/>\n<br \/>Tapu M\u00fcd\u00fcrl\u00fc\u011f\u00fcnde ba\u015fvuru birimi, ar\u015fiv birimi ve servis birimlerinde tapuya dair t\u00fcm i\u015f ve i\u015flemleri \u00f6\u011frenen Yusuf \u00d6zer Mesleki ve Teknik Anadolu Lisesi Harita-Tapu-Kadastro B\u00f6l\u00fcm\u00fc 12.\u2019nci s\u0131n\u0131f \u00f6\u011frencilerine te\u015fekk\u00fcr belgelerini takdim eden Ar\u0131kan, \u00f6\u011frencileri tebrik ederek e\u011fitim hayatlar\u0131nda ba\u015far\u0131lar diledi.<br \/><\/p>\n","protected":false},"excerpt":{"rendered":"<p>Afyonkarahisar Tapu M\u00fcd\u00fcrl\u00fc\u011f\u00fcnde dokuz ay s\u00fcreyle staj yapan Yusuf \u00d6zer Mesleki ve Teknik Anadolu Lisesi Harita-Tapu-Kadastro B\u00f6l\u00fcm\u00fc 12.\u2019nci s\u0131n\u0131f \u00f6\u011frencilerine belgelerini Vali Yard\u0131mc\u0131s\u0131 V. Ali Ar\u0131kan takdim etti. 2024-2025 e\u011fitim-\u00f6\u011fretim y\u0131l\u0131 i\u00e7erisinde dokuz ay s\u00fcreyle Afyonkarahisar Tapu M\u00fcd\u00fcrl\u00fc\u011f\u00fcnde staj yapan \u00f6\u011frenciler, Seher \u00d6zl\u00fc, Arda Akp\u0131nar, \u0130layda Ko\u00e7, Tuana Nur Y\u0131lmaz, Ebrar \u00d6nkal, Enes Uygun ve&#8230;<\/p>\n","protected":false},"author":1,"featured_media":34836,"comment_status":"open","ping_status":"open","sticky":false,"template":"","format":"standard","meta":{"_crdt_document":"","footnotes":""},"categories":[1],"tags":[],"class_list":["post-34835","post","type-post","status-publish","format-standard","has-post-thumbnail","hentry","category-guncel"],"_links":{"self":[{"href":"https:\/\/www.egemtv.com\/index.php?rest_route=\/wp\/v2\/posts\/34835","targetHints":{"allow":["GET"]}}],"collection":[{"href":"https:\/\/www.egemtv.com\/index.php?rest_route=\/wp\/v2\/posts"}],"about":[{"href":"https:\/\/www.egemtv.com\/index.php?rest_route=\/wp\/v2\/types\/post"}],"author":[{"embeddable":true,"href":"https:\/\/www.egemtv.com\/index.php?rest_route=\/wp\/v2\/users\/1"}],"replies":[{"embeddable":true,"href":"https:\/\/www.egemtv.com\/index.php?rest_route=%2Fwp%2Fv2%2Fcomments&post=34835"}],"version-history":[{"count":1,"href":"https:\/\/www.egemtv.com\/index.php?rest_route=\/wp\/v2\/posts\/34835\/revisions"}],"predecessor-version":[{"id":34837,"href":"https:\/\/www.egemtv.com\/index.php?rest_route=\/wp\/v2\/posts\/34835\/revisions\/34837"}],"wp:featuredmedia":[{"embeddable":true,"href":"https:\/\/www.egemtv.com\/index.php?rest_route=\/wp\/v2\/media\/34836"}],"wp:attachment":[{"href":"https:\/\/www.egemtv.com\/index.php?rest_route=%2Fwp%2Fv2%2Fmedia&parent=34835"}],"wp:term":[{"taxonomy":"category","embeddable":true,"href":"https:\/\/www.egemtv.com\/index.php?rest_route=%2Fwp%2Fv2%2Fcategories&post=34835"},{"taxonomy":"post_tag","embeddable":true,"href":"https:\/\/www.egemtv.com\/index.php?rest_route=%2Fwp%2Fv2%2Ftags&post=34835"}],"curies":[{"name":"wp","href":"https:\/\/api.w.org\/{rel}","templated":true}]}}