{"id":34832,"date":"2025-06-13T14:35:40","date_gmt":"2025-06-13T11:35:40","guid":{"rendered":"https:\/\/www.egemtv.com\/?p=34832"},"modified":"2025-06-13T14:35:45","modified_gmt":"2025-06-13T11:35:45","slug":"baskan-gencay-kekik-hasadina-katildi","status":"publish","type":"post","link":"https:\/\/www.egemtv.com\/?p=34832","title":{"rendered":"Ba\u015fkan Gen\u00e7ay, kekik hasad\u0131na kat\u0131ld\u0131"},"content":{"rendered":"<p>Didim Belediye Ba\u015fkan\u0131 Hatice Gen\u00e7ay, Didim Belediyesi T\u0131bbi Aromatik Bitkiler ve S\u00fcs Bitkileri \u00dcretim Fidanl\u0131\u011f\u0131\u2019nda ger\u00e7ekle\u015ftirilen kekik hasad\u0131na kat\u0131ld\u0131.<br \/>\n<br \/>\u00dcretken ve do\u011fayla uyumlu belediyecilik anlay\u0131\u015f\u0131yla \u00e7al\u0131\u015fmalar\u0131n\u0131 s\u00fcrd\u00fcren Didim Belediyesi, kendi \u00fcretim alanlar\u0131nda yeti\u015ftirdi\u011fi do\u011fal \u00fcr\u00fcnlerin hasad\u0131na devam ediyor. Bu kapsamda, T\u0131bbi Aromatik Bitkiler ve S\u00fcs Bitkileri \u00dcretim Fidanl\u0131\u011f\u0131\u2019nda yeti\u015ftirilen kekiklerin hasad\u0131 ger\u00e7ekle\u015ftirildi. Hasada, Didim Belediye Ba\u015fkan\u0131 Hatice Gen\u00e7ay da kat\u0131larak belediye personeliyle birlikte tarlada kekik toplad\u0131. Hasat edilen kekikler, ya\u011f haline getirilerek Didim Belediyesi\u2019ne ait Didyma markas\u0131 alt\u0131nda sat\u0131\u015f stantlar\u0131nda halkla bulu\u015facak.<br \/>\n<br \/>&#8220;\u00dcretken belediyecilik anlay\u0131\u015f\u0131yla yolumuza devam ediyoruz&#8221;<br \/>\n<br \/>Kekik hasad\u0131 sonras\u0131 a\u00e7\u0131klamalarda bulunan Ba\u015fkan Gen\u00e7ay; &#8220;\u00dcreten, do\u011fayla bar\u0131\u015f\u0131k ve \u00e7al\u0131\u015fkan belediyecilik anlay\u0131\u015f\u0131yla yolumuza kararl\u0131l\u0131kla devam ediyoruz. Bug\u00fcn belediyemize ait \u00fcretim alan\u0131nda yeti\u015ftirilen kekiklerin hasad\u0131n\u0131 ger\u00e7ekle\u015ftirdik. Mis gibi kokan tarlam\u0131zda eme\u011fin ve topra\u011f\u0131n bereketine bir kez daha \u015fahit olduk. \u00dcreten bir Didim hedefiyle \u00e7\u0131kt\u0131\u011f\u0131m\u0131z bu yolda hem \u00e7evremizi g\u00fczelle\u015ftiriyor hem de do\u011fadan gelen \u015fifay\u0131 \u00e7o\u011falt\u0131yoruz. Yerel kalk\u0131nmaya katk\u0131 sunan her ad\u0131m\u0131 yerinde incelemeye ve desteklemeye devam edece\u011fim. Topra\u011f\u0131m\u0131zdan bereket, \u00fcreticimize g\u00fc\u00e7 do\u011fuyor&#8221; dedi.<br \/><\/p>\n","protected":false},"excerpt":{"rendered":"<p>Didim Belediye Ba\u015fkan\u0131 Hatice Gen\u00e7ay, Didim Belediyesi T\u0131bbi Aromatik Bitkiler ve S\u00fcs Bitkileri \u00dcretim Fidanl\u0131\u011f\u0131\u2019nda ger\u00e7ekle\u015ftirilen kekik hasad\u0131na kat\u0131ld\u0131. \u00dcretken ve do\u011fayla uyumlu belediyecilik anlay\u0131\u015f\u0131yla \u00e7al\u0131\u015fmalar\u0131n\u0131 s\u00fcrd\u00fcren Didim Belediyesi, kendi \u00fcretim alanlar\u0131nda yeti\u015ftirdi\u011fi do\u011fal \u00fcr\u00fcnlerin hasad\u0131na devam ediyor. Bu kapsamda, T\u0131bbi Aromatik Bitkiler ve S\u00fcs Bitkileri \u00dcretim Fidanl\u0131\u011f\u0131\u2019nda yeti\u015ftirilen kekiklerin hasad\u0131 ger\u00e7ekle\u015ftirildi. Hasada, Didim Belediye&#8230;<\/p>\n","protected":false},"author":1,"featured_media":34833,"comment_status":"open","ping_status":"open","sticky":false,"template":"","format":"standard","meta":{"_crdt_document":"","footnotes":""},"categories":[1],"tags":[],"class_list":["post-34832","post","type-post","status-publish","format-standard","has-post-thumbnail","hentry","category-guncel"],"_links":{"self":[{"href":"https:\/\/www.egemtv.com\/index.php?rest_route=\/wp\/v2\/posts\/34832","targetHints":{"allow":["GET"]}}],"collection":[{"href":"https:\/\/www.egemtv.com\/index.php?rest_route=\/wp\/v2\/posts"}],"about":[{"href":"https:\/\/www.egemtv.com\/index.php?rest_route=\/wp\/v2\/types\/post"}],"author":[{"embeddable":true,"href":"https:\/\/www.egemtv.com\/index.php?rest_route=\/wp\/v2\/users\/1"}],"replies":[{"embeddable":true,"href":"https:\/\/www.egemtv.com\/index.php?rest_route=%2Fwp%2Fv2%2Fcomments&post=34832"}],"version-history":[{"count":1,"href":"https:\/\/www.egemtv.com\/index.php?rest_route=\/wp\/v2\/posts\/34832\/revisions"}],"predecessor-version":[{"id":34834,"href":"https:\/\/www.egemtv.com\/index.php?rest_route=\/wp\/v2\/posts\/34832\/revisions\/34834"}],"wp:featuredmedia":[{"embeddable":true,"href":"https:\/\/www.egemtv.com\/index.php?rest_route=\/wp\/v2\/media\/34833"}],"wp:attachment":[{"href":"https:\/\/www.egemtv.com\/index.php?rest_route=%2Fwp%2Fv2%2Fmedia&parent=34832"}],"wp:term":[{"taxonomy":"category","embeddable":true,"href":"https:\/\/www.egemtv.com\/index.php?rest_route=%2Fwp%2Fv2%2Fcategories&post=34832"},{"taxonomy":"post_tag","embeddable":true,"href":"https:\/\/www.egemtv.com\/index.php?rest_route=%2Fwp%2Fv2%2Ftags&post=34832"}],"curies":[{"name":"wp","href":"https:\/\/api.w.org\/{rel}","templated":true}]}}