{"id":34829,"date":"2025-06-13T14:35:34","date_gmt":"2025-06-13T11:35:34","guid":{"rendered":"https:\/\/www.egemtv.com\/?p=34829"},"modified":"2025-06-13T14:35:40","modified_gmt":"2025-06-13T11:35:40","slug":"soke-belediyesi-yaz-okulu-kayitlari-basliyor","status":"publish","type":"post","link":"https:\/\/www.egemtv.com\/?p=34829","title":{"rendered":"S\u00f6ke Belediyesi yaz okulu kay\u0131tlar\u0131 ba\u015fl\u0131yor"},"content":{"rendered":"<p>S\u00f6ke Belediyesi ile S\u00f6ke Halk E\u011fitim Merkezi i\u015f birli\u011finde d\u00fczenlenen Yaz Okulu i\u00e7in kay\u0131tlar ba\u015fl\u0131yor. 7-14 ya\u015f aras\u0131 \u00e7ocuklar\u0131n kat\u0131labilece\u011fi yaz okulu program\u0131 kapsam\u0131nda birbirinden farkl\u0131 bran\u015flarda e\u011fitimler verilecek.<\/p>\n<p>Kay\u0131tlar 16 Haziran 2025 Pazartesi g\u00fcn\u00fc ba\u015flayacak, son ba\u015fvuru tarihi ise 27 Haziran 2025 olarak belirlendi. S\u0131n\u0131flar\u0131n kontenjanla s\u0131n\u0131rl\u0131 oldu\u011fu yaz okulu program\u0131 tamamen \u00fccretsiz olacak. Kay\u0131t i\u015flemleri, Bedesten Kurs Merkezi\u2019nde ger\u00e7ekle\u015ftirilecek. Yaz Okulu kapsam\u0131nda, resim, gitar, ba\u011flama, zeybek, modern dans, bale, Anadolu ate\u015fi, halk oyunlar\u0131, pilates kids, zumba kids, \u0130ngilizce, Frans\u0131zca, T\u00fcrk\u00e7e, anlayarak h\u0131zl\u0131 okuma, drama, tiyatro, basketbol, tenis ve futbol dallar\u0131nda kurslar a\u00e7\u0131lacak.<\/p>\n<p>S\u00f6ke Belediye Ba\u015fkan\u0131 Dr. Mustafa \u0130berya Ar\u0131kan, &#8220;Halk E\u011fitim Merkezi i\u015fbirli\u011fi i\u00e7inde d\u00fczenledi\u011fimiz kurslar g\u00fcz d\u00f6neminde y\u00fczlerce yeti\u015fkine, yaz aylar\u0131nda da \u00e7ok say\u0131da \u00e7ocu\u011fa e\u011fitim imkan\u0131 sunuyor. \u00c7ocuklar\u0131n yaz tatilini verimli ge\u00e7irmesi ve yeteneklerini geli\u015ftirmesi amac\u0131yla d\u00fczenledi\u011fimiz yaz okulu program\u0131na t\u00fcm \u00e7ocuklar\u0131m\u0131z\u0131 davet ediyoruz. \u00c7ocuklar\u0131m\u0131z her zaman oldu\u011fu gibi e\u011flenirken, \u00f6\u011frenecekler&#8221; dedi.<br \/><\/p>\n","protected":false},"excerpt":{"rendered":"<p>S\u00f6ke Belediyesi ile S\u00f6ke Halk E\u011fitim Merkezi i\u015f birli\u011finde d\u00fczenlenen Yaz Okulu i\u00e7in kay\u0131tlar ba\u015fl\u0131yor. 7-14 ya\u015f aras\u0131 \u00e7ocuklar\u0131n kat\u0131labilece\u011fi yaz okulu program\u0131 kapsam\u0131nda birbirinden farkl\u0131 bran\u015flarda e\u011fitimler verilecek. Kay\u0131tlar 16 Haziran 2025 Pazartesi g\u00fcn\u00fc ba\u015flayacak, son ba\u015fvuru tarihi ise 27 Haziran 2025 olarak belirlendi. S\u0131n\u0131flar\u0131n kontenjanla s\u0131n\u0131rl\u0131 oldu\u011fu yaz okulu program\u0131 tamamen \u00fccretsiz olacak&#8230;.<\/p>\n","protected":false},"author":1,"featured_media":34830,"comment_status":"open","ping_status":"open","sticky":false,"template":"","format":"standard","meta":{"_crdt_document":"","footnotes":""},"categories":[1],"tags":[],"class_list":["post-34829","post","type-post","status-publish","format-standard","has-post-thumbnail","hentry","category-guncel"],"_links":{"self":[{"href":"https:\/\/www.egemtv.com\/index.php?rest_route=\/wp\/v2\/posts\/34829","targetHints":{"allow":["GET"]}}],"collection":[{"href":"https:\/\/www.egemtv.com\/index.php?rest_route=\/wp\/v2\/posts"}],"about":[{"href":"https:\/\/www.egemtv.com\/index.php?rest_route=\/wp\/v2\/types\/post"}],"author":[{"embeddable":true,"href":"https:\/\/www.egemtv.com\/index.php?rest_route=\/wp\/v2\/users\/1"}],"replies":[{"embeddable":true,"href":"https:\/\/www.egemtv.com\/index.php?rest_route=%2Fwp%2Fv2%2Fcomments&post=34829"}],"version-history":[{"count":1,"href":"https:\/\/www.egemtv.com\/index.php?rest_route=\/wp\/v2\/posts\/34829\/revisions"}],"predecessor-version":[{"id":34831,"href":"https:\/\/www.egemtv.com\/index.php?rest_route=\/wp\/v2\/posts\/34829\/revisions\/34831"}],"wp:featuredmedia":[{"embeddable":true,"href":"https:\/\/www.egemtv.com\/index.php?rest_route=\/wp\/v2\/media\/34830"}],"wp:attachment":[{"href":"https:\/\/www.egemtv.com\/index.php?rest_route=%2Fwp%2Fv2%2Fmedia&parent=34829"}],"wp:term":[{"taxonomy":"category","embeddable":true,"href":"https:\/\/www.egemtv.com\/index.php?rest_route=%2Fwp%2Fv2%2Fcategories&post=34829"},{"taxonomy":"post_tag","embeddable":true,"href":"https:\/\/www.egemtv.com\/index.php?rest_route=%2Fwp%2Fv2%2Ftags&post=34829"}],"curies":[{"name":"wp","href":"https:\/\/api.w.org\/{rel}","templated":true}]}}