{"id":34826,"date":"2025-06-13T13:54:56","date_gmt":"2025-06-13T10:54:56","guid":{"rendered":"https:\/\/www.egemtv.com\/?p=34826"},"modified":"2025-06-13T13:55:01","modified_gmt":"2025-06-13T10:55:01","slug":"is-adami-derya-baltali-menderes-bulvarina-modern-bir-yaya-ust-gecidi-icin-calismalara-basladi","status":"publish","type":"post","link":"https:\/\/www.egemtv.com\/?p=34826","title":{"rendered":"\u0130\u015f adam\u0131 Derya Baltal\u0131, Menderes Bulvar\u0131\u2019na modern bir yaya \u00fcst ge\u00e7idi i\u00e7in \u00e7al\u0131\u015fmalara ba\u015flad\u0131"},"content":{"rendered":"<p>Baltal\u0131 Grup Y\u00f6netim Kurulu Ba\u015fkan\u0131 Derya Baltal\u0131, Menderes Bulvar\u0131 \u00fczerinde yer alan Toplu Konut ve Al\u0131\u015fveri\u015f Merkezi \u00f6n\u00fcne modern bir yaya \u00fcst ge\u00e7idi i\u00e7in \u00e7al\u0131\u015fmalara ba\u015flad\u0131. \u0130\u015f insan\u0131 Derya Baltal\u0131 taraf\u0131ndan yapt\u0131r\u0131lacak olan k\u00f6pr\u00fcl\u00fc \u00fcst ge\u00e7it ile b\u00f6lgede yaya ge\u00e7i\u015f g\u00fcvenli\u011fi art\u0131r\u0131lacak, vatanda\u015flar\u0131n kar\u015f\u0131dan kar\u015f\u0131ya ge\u00e7i\u015fi kolay ve g\u00fcvenli hale getirilecek.<\/p>\n<p>Baltal\u0131 Grup Y\u00f6netim Kurulu Ba\u015fkan\u0131 Derya Baltal\u0131 ve Y\u00f6netim Kurulu \u00dcyesi Alper Baltal\u0131 Menderes Bulvar\u0131 \u00fczerinde yer alan Toplu Konut ve Al\u0131\u015fveri\u015f Merkezi \u00f6n\u00fcne modern bir yaya \u00fcst ge\u00e7idi i\u00e7in \u00e7al\u0131\u015fmalara ba\u015flad\u0131. D\u00fczenlenen t\u00f6rende konu\u015fan Baltal\u0131 Grup Y\u00f6netim Kurulu Ba\u015fkan\u0131 Derya Baltal\u0131, Denizli\u2019ye de\u011fer katacak bir projeye imza atmaktan memnuniyet duyduklar\u0131n\u0131 belirterek, &#8220;En ba\u015f\u0131ndan beri amac\u0131m\u0131z \u015fehrimizin demografisine uygun, \u00e7a\u011fda\u015f, modern ve ayr\u0131cal\u0131kl\u0131 ya\u015fam alanlar\u0131 sunmakt\u0131. \u00dcst ge\u00e7it projemizle Aqua Mall b\u00f6lgesindeki ge\u00e7i\u015f g\u00fcvenli\u011fini art\u0131r\u0131rken, ya\u015fam konforuna da katk\u0131 sa\u011flamay\u0131 hedefliyoruz&#8221; dedi.<\/p>\n<p>&#8220;Tahmini yap\u0131m s\u00fcrecini 30 Eyl\u00fcl\u2019e kadar tamamlamay\u0131 planl\u0131yoruz&#8221;<br \/>\n<br \/>Tahmini yap\u0131m s\u00fcrecini 30 Eyl\u00fcl\u2019 kadar tamamlanaca\u011f\u0131n\u0131 planlad\u0131klar\u0131n\u0131 dile getiren Baltal\u0131 Grup Y\u00f6netim Kurulu Ba\u015fkan\u0131 Derya Baltal\u0131, &#8220;Tahmini yap\u0131m s\u00fcrecini 30 Eyl\u00fcl\u2019e kadar tamamlamay\u0131 planl\u0131yoruz. Denizli i\u00e7in \u00e7ok g\u00fczel bir proje olaca\u011f\u0131na inan\u0131yorum&#8221; diye konu\u015ftu.<\/p>\n<p>Yeni \u00fcst ge\u00e7idin 30 Eyl\u00fcl 2025 tarihine kadar tamamlanmas\u0131 planlan\u0131yor. Proje, Baltal\u0131 Grup taraf\u0131ndan hayata ge\u00e7irilecek.<br \/><\/p>\n","protected":false},"excerpt":{"rendered":"<p>Baltal\u0131 Grup Y\u00f6netim Kurulu Ba\u015fkan\u0131 Derya Baltal\u0131, Menderes Bulvar\u0131 \u00fczerinde yer alan Toplu Konut ve Al\u0131\u015fveri\u015f Merkezi \u00f6n\u00fcne modern bir yaya \u00fcst ge\u00e7idi i\u00e7in \u00e7al\u0131\u015fmalara ba\u015flad\u0131. \u0130\u015f insan\u0131 Derya Baltal\u0131 taraf\u0131ndan yapt\u0131r\u0131lacak olan k\u00f6pr\u00fcl\u00fc \u00fcst ge\u00e7it ile b\u00f6lgede yaya ge\u00e7i\u015f g\u00fcvenli\u011fi art\u0131r\u0131lacak, vatanda\u015flar\u0131n kar\u015f\u0131dan kar\u015f\u0131ya ge\u00e7i\u015fi kolay ve g\u00fcvenli hale getirilecek. Baltal\u0131 Grup Y\u00f6netim Kurulu&#8230;<\/p>\n","protected":false},"author":1,"featured_media":34827,"comment_status":"open","ping_status":"open","sticky":false,"template":"","format":"standard","meta":{"_crdt_document":"","footnotes":""},"categories":[125],"tags":[],"class_list":["post-34826","post","type-post","status-publish","format-standard","has-post-thumbnail","hentry","category-ekonomi"],"_links":{"self":[{"href":"https:\/\/www.egemtv.com\/index.php?rest_route=\/wp\/v2\/posts\/34826","targetHints":{"allow":["GET"]}}],"collection":[{"href":"https:\/\/www.egemtv.com\/index.php?rest_route=\/wp\/v2\/posts"}],"about":[{"href":"https:\/\/www.egemtv.com\/index.php?rest_route=\/wp\/v2\/types\/post"}],"author":[{"embeddable":true,"href":"https:\/\/www.egemtv.com\/index.php?rest_route=\/wp\/v2\/users\/1"}],"replies":[{"embeddable":true,"href":"https:\/\/www.egemtv.com\/index.php?rest_route=%2Fwp%2Fv2%2Fcomments&post=34826"}],"version-history":[{"count":1,"href":"https:\/\/www.egemtv.com\/index.php?rest_route=\/wp\/v2\/posts\/34826\/revisions"}],"predecessor-version":[{"id":34828,"href":"https:\/\/www.egemtv.com\/index.php?rest_route=\/wp\/v2\/posts\/34826\/revisions\/34828"}],"wp:featuredmedia":[{"embeddable":true,"href":"https:\/\/www.egemtv.com\/index.php?rest_route=\/wp\/v2\/media\/34827"}],"wp:attachment":[{"href":"https:\/\/www.egemtv.com\/index.php?rest_route=%2Fwp%2Fv2%2Fmedia&parent=34826"}],"wp:term":[{"taxonomy":"category","embeddable":true,"href":"https:\/\/www.egemtv.com\/index.php?rest_route=%2Fwp%2Fv2%2Fcategories&post=34826"},{"taxonomy":"post_tag","embeddable":true,"href":"https:\/\/www.egemtv.com\/index.php?rest_route=%2Fwp%2Fv2%2Ftags&post=34826"}],"curies":[{"name":"wp","href":"https:\/\/api.w.org\/{rel}","templated":true}]}}