{"id":34823,"date":"2025-06-13T13:36:22","date_gmt":"2025-06-13T10:36:22","guid":{"rendered":"https:\/\/www.egemtv.com\/?p=34823"},"modified":"2025-06-13T13:36:27","modified_gmt":"2025-06-13T10:36:27","slug":"blaundos-antik-kentinde-guvenlik-icin-jandarma-denetim-noktasi-acildi","status":"publish","type":"post","link":"https:\/\/www.egemtv.com\/?p=34823","title":{"rendered":"Blaundos Antik Kenti\u2019nde g\u00fcvenlik i\u00e7in Jandarma Denetim Noktas\u0131 a\u00e7\u0131ld\u0131"},"content":{"rendered":"<p>U\u015fak\u2019\u0131n Ulubey il\u00e7esinde yer alan Blaundos Antik Kenti\u2019nde, hem eserlerin hem de ziyarete gelen yerli ve yabanc\u0131 turistlerin g\u00fcvenli\u011finin sa\u011flanmas\u0131 amac\u0131yla kurulan jandarma asayi\u015f noktas\u0131 t\u00f6renle a\u00e7\u0131ld\u0131.<br \/>\n<br \/>U\u015fak\u2019\u0131n Ulubey il\u00e7esinde yer alan Blaundos Antik Kenti\u2019nde, tarihi eserlerin korunmas\u0131 ve b\u00f6lgeyi ziyaret eden yerli-yabanc\u0131 turistlerin g\u00fcvenli\u011finin sa\u011flanmas\u0131 amac\u0131yla kurulan jandarma asayi\u015f noktas\u0131, d\u00fczenlenen t\u00f6renle hizmete a\u00e7\u0131ld\u0131.<br \/>\n<br \/>A\u00e7\u0131l\u0131\u015f t\u00f6renine Vali Naci Akta\u015f, Milletvekili Ali Karaoba, Ulubey Kaymakam\u0131 \u0130brahim Co\u015fkunaslan, \u0130l Emniyet M\u00fcd\u00fcr\u00fc Mehmet Ali Kolcu, \u0130l Jandarma Komutan\u0131 K\u0131demli Albay Fahri Semiz, Ulubey Belediye Ba\u015fkan\u0131 Veli Ko\u00e7lu, kurum m\u00fcd\u00fcrleri ve \u00e7ok say\u0131da davetli kat\u0131ld\u0131.<br \/>\n<br \/>T\u00f6rende konu\u015fan Vali Naci Akta\u015f, &#8220;Blaundos Antik Kenti, ilimizin \u00f6nemli tarihi de\u011ferlerinden biri. Hem bu eserlerin korunmas\u0131 hem de buray\u0131 ziyaret eden vatanda\u015flar\u0131m\u0131z\u0131n g\u00fcvenli\u011fi bizim i\u00e7in \u00e7ok \u00f6nemli. Burada g\u00f6rev yapacak Jandarma personelimize g\u00f6revlerinde ba\u015far\u0131lar ve kolayl\u0131klar diliyorum.&#8221; dedi.<br \/>\n<br \/>Vali Akta\u015f\u2019\u0131n konu\u015fmas\u0131n\u0131n ard\u0131ndan yap\u0131lan dua ile birlikte jandarma asayi\u015f noktas\u0131, protokol \u00fcyeleri taraf\u0131ndan hizmete a\u00e7\u0131ld\u0131.<br \/><\/p>\n","protected":false},"excerpt":{"rendered":"<p>U\u015fak\u2019\u0131n Ulubey il\u00e7esinde yer alan Blaundos Antik Kenti\u2019nde, hem eserlerin hem de ziyarete gelen yerli ve yabanc\u0131 turistlerin g\u00fcvenli\u011finin sa\u011flanmas\u0131 amac\u0131yla kurulan jandarma asayi\u015f noktas\u0131 t\u00f6renle a\u00e7\u0131ld\u0131. U\u015fak\u2019\u0131n Ulubey il\u00e7esinde yer alan Blaundos Antik Kenti\u2019nde, tarihi eserlerin korunmas\u0131 ve b\u00f6lgeyi ziyaret eden yerli-yabanc\u0131 turistlerin g\u00fcvenli\u011finin sa\u011flanmas\u0131 amac\u0131yla kurulan jandarma asayi\u015f noktas\u0131, d\u00fczenlenen t\u00f6renle hizmete a\u00e7\u0131ld\u0131&#8230;.<\/p>\n","protected":false},"author":1,"featured_media":34824,"comment_status":"open","ping_status":"open","sticky":false,"template":"","format":"standard","meta":{"_crdt_document":"","footnotes":""},"categories":[1],"tags":[],"class_list":["post-34823","post","type-post","status-publish","format-standard","has-post-thumbnail","hentry","category-guncel"],"_links":{"self":[{"href":"https:\/\/www.egemtv.com\/index.php?rest_route=\/wp\/v2\/posts\/34823","targetHints":{"allow":["GET"]}}],"collection":[{"href":"https:\/\/www.egemtv.com\/index.php?rest_route=\/wp\/v2\/posts"}],"about":[{"href":"https:\/\/www.egemtv.com\/index.php?rest_route=\/wp\/v2\/types\/post"}],"author":[{"embeddable":true,"href":"https:\/\/www.egemtv.com\/index.php?rest_route=\/wp\/v2\/users\/1"}],"replies":[{"embeddable":true,"href":"https:\/\/www.egemtv.com\/index.php?rest_route=%2Fwp%2Fv2%2Fcomments&post=34823"}],"version-history":[{"count":1,"href":"https:\/\/www.egemtv.com\/index.php?rest_route=\/wp\/v2\/posts\/34823\/revisions"}],"predecessor-version":[{"id":34825,"href":"https:\/\/www.egemtv.com\/index.php?rest_route=\/wp\/v2\/posts\/34823\/revisions\/34825"}],"wp:featuredmedia":[{"embeddable":true,"href":"https:\/\/www.egemtv.com\/index.php?rest_route=\/wp\/v2\/media\/34824"}],"wp:attachment":[{"href":"https:\/\/www.egemtv.com\/index.php?rest_route=%2Fwp%2Fv2%2Fmedia&parent=34823"}],"wp:term":[{"taxonomy":"category","embeddable":true,"href":"https:\/\/www.egemtv.com\/index.php?rest_route=%2Fwp%2Fv2%2Fcategories&post=34823"},{"taxonomy":"post_tag","embeddable":true,"href":"https:\/\/www.egemtv.com\/index.php?rest_route=%2Fwp%2Fv2%2Ftags&post=34823"}],"curies":[{"name":"wp","href":"https:\/\/api.w.org\/{rel}","templated":true}]}}