{"id":34820,"date":"2025-06-13T13:15:44","date_gmt":"2025-06-13T10:15:44","guid":{"rendered":"https:\/\/www.egemtv.com\/?p=34820"},"modified":"2025-06-13T13:15:49","modified_gmt":"2025-06-13T10:15:49","slug":"yardim-etkinliginin-geliri-gazzeye-bagislanacak","status":"publish","type":"post","link":"https:\/\/www.egemtv.com\/?p=34820","title":{"rendered":"Yard\u0131m etkinli\u011finin geliri Gazze\u2019ye ba\u011f\u0131\u015flanacak"},"content":{"rendered":"<p>Manisa\u2019n\u0131n Sar\u0131g\u00f6l il\u00e7esinde, Milli Egemenlik \u00c7ok Programl\u0131 Anadolu Lisesi taraf\u0131ndan H\u00fck\u00fcmet Kona\u011f\u0131 bah\u00e7esinde d\u00fczenlenen yard\u0131m etkinli\u011finden elde edilecek gelirin tamam\u0131 Gazze\u2019ye ba\u011f\u0131\u015flanacak.<br \/>\n<br \/>Sar\u0131g\u00f6l H\u00fck\u00fcmet Kona\u011f\u0131 bah\u00e7esinde ger\u00e7ekle\u015ftirilen yard\u0131m etkinli\u011finde, \u00f6\u011frenciler ve hay\u0131rseverler taraf\u0131ndan temin edilen \u00e7ok say\u0131da g\u0131da \u00fcr\u00fcn\u00fc kurulan stantlarda sat\u0131\u015fa sunuldu. Vatanda\u015flar\u0131n ve davetlilerin yo\u011fun ilgi g\u00f6sterdi\u011fi etkinlikte, \u00fcr\u00fcnler k\u0131sa s\u00fcrede t\u00fckendi.<br \/>\n<br \/>Gazze\u2019ye destek amac\u0131yla d\u00fczenlenen yard\u0131m etkinli\u011fi g\u00fcn boyu devam edecek. Etkinlikten elde edilecek gelirin T\u00fcrk K\u0131z\u0131lay\u0131 arac\u0131l\u0131\u011f\u0131yla Gazze\u2019ye g\u00f6nderilece\u011fini belirten Sar\u0131g\u00f6l Milli Egemenlik \u00c7ok Programl\u0131 Anadolu Lisesi M\u00fcd\u00fcr\u00fc Feray Turan, &#8220;Etkinli\u011fimizi \u00f6\u011fretmenlerimiz, \u00f6\u011frencilerimiz ve velilerimizin katk\u0131lar\u0131yla ger\u00e7ekle\u015ftirdik. Elde edilen gelirin tamam\u0131 Gazze\u2019ye ba\u011f\u0131\u015flanacak.&#8221; dedi.<br \/><\/p>\n","protected":false},"excerpt":{"rendered":"<p>Manisa\u2019n\u0131n Sar\u0131g\u00f6l il\u00e7esinde, Milli Egemenlik \u00c7ok Programl\u0131 Anadolu Lisesi taraf\u0131ndan H\u00fck\u00fcmet Kona\u011f\u0131 bah\u00e7esinde d\u00fczenlenen yard\u0131m etkinli\u011finden elde edilecek gelirin tamam\u0131 Gazze\u2019ye ba\u011f\u0131\u015flanacak. Sar\u0131g\u00f6l H\u00fck\u00fcmet Kona\u011f\u0131 bah\u00e7esinde ger\u00e7ekle\u015ftirilen yard\u0131m etkinli\u011finde, \u00f6\u011frenciler ve hay\u0131rseverler taraf\u0131ndan temin edilen \u00e7ok say\u0131da g\u0131da \u00fcr\u00fcn\u00fc kurulan stantlarda sat\u0131\u015fa sunuldu. Vatanda\u015flar\u0131n ve davetlilerin yo\u011fun ilgi g\u00f6sterdi\u011fi etkinlikte, \u00fcr\u00fcnler k\u0131sa s\u00fcrede t\u00fckendi. Gazze\u2019ye&#8230;<\/p>\n","protected":false},"author":1,"featured_media":34821,"comment_status":"open","ping_status":"open","sticky":false,"template":"","format":"standard","meta":{"_crdt_document":"","footnotes":""},"categories":[1],"tags":[],"class_list":["post-34820","post","type-post","status-publish","format-standard","has-post-thumbnail","hentry","category-guncel"],"_links":{"self":[{"href":"https:\/\/www.egemtv.com\/index.php?rest_route=\/wp\/v2\/posts\/34820","targetHints":{"allow":["GET"]}}],"collection":[{"href":"https:\/\/www.egemtv.com\/index.php?rest_route=\/wp\/v2\/posts"}],"about":[{"href":"https:\/\/www.egemtv.com\/index.php?rest_route=\/wp\/v2\/types\/post"}],"author":[{"embeddable":true,"href":"https:\/\/www.egemtv.com\/index.php?rest_route=\/wp\/v2\/users\/1"}],"replies":[{"embeddable":true,"href":"https:\/\/www.egemtv.com\/index.php?rest_route=%2Fwp%2Fv2%2Fcomments&post=34820"}],"version-history":[{"count":1,"href":"https:\/\/www.egemtv.com\/index.php?rest_route=\/wp\/v2\/posts\/34820\/revisions"}],"predecessor-version":[{"id":34822,"href":"https:\/\/www.egemtv.com\/index.php?rest_route=\/wp\/v2\/posts\/34820\/revisions\/34822"}],"wp:featuredmedia":[{"embeddable":true,"href":"https:\/\/www.egemtv.com\/index.php?rest_route=\/wp\/v2\/media\/34821"}],"wp:attachment":[{"href":"https:\/\/www.egemtv.com\/index.php?rest_route=%2Fwp%2Fv2%2Fmedia&parent=34820"}],"wp:term":[{"taxonomy":"category","embeddable":true,"href":"https:\/\/www.egemtv.com\/index.php?rest_route=%2Fwp%2Fv2%2Fcategories&post=34820"},{"taxonomy":"post_tag","embeddable":true,"href":"https:\/\/www.egemtv.com\/index.php?rest_route=%2Fwp%2Fv2%2Ftags&post=34820"}],"curies":[{"name":"wp","href":"https:\/\/api.w.org\/{rel}","templated":true}]}}