{"id":34817,"date":"2025-06-13T12:56:32","date_gmt":"2025-06-13T09:56:32","guid":{"rendered":"https:\/\/www.egemtv.com\/?p=34817"},"modified":"2025-06-13T12:56:36","modified_gmt":"2025-06-13T09:56:36","slug":"ak-parti-grubu-manisa-buyuksehir-belediye-baskanligina-aday-cikarmayacak","status":"publish","type":"post","link":"https:\/\/www.egemtv.com\/?p=34817","title":{"rendered":"AK Parti Grubu, Manisa B\u00fcy\u00fck\u015fehir Belediye Ba\u015fkanl\u0131\u011f\u0131na aday \u00e7\u0131karmayacak"},"content":{"rendered":"<p>Manisa B\u00fcy\u00fck\u015fehir Belediye Ba\u015fkan\u0131 Ferdi Zeyrek\u2019in elektrik ak\u0131m\u0131na kap\u0131larak hayat\u0131n\u0131 kaybetmesi sonras\u0131 16 Haziran Pazartesi g\u00fcn\u00fc Manisa B\u00fcy\u00fck\u015fehir Belediye Meclisince yap\u0131lacak olan ba\u015fkanl\u0131k se\u00e7imine AK Parti Grubu aday \u00e7\u0131karmayacaklar\u0131n\u0131 a\u00e7\u0131klad\u0131.<br \/>\n<br \/>Manisa B\u00fcy\u00fck\u015fehir Belediye Ba\u015fkan\u0131 Ferdi Zeyrek\u2019in Kurban Bayram\u0131\u2019n\u0131n birinci g\u00fcn\u00fc 6 Haziran\u2019da elektrik ak\u0131m\u0131na kap\u0131lmas\u0131 ve kald\u0131r\u0131ld\u0131\u011f\u0131 Manisa Celal Bayar \u00dcniversitesi Hafsa Sultan Hastanesinde 9 Haziran g\u00fcn\u00fc hayat\u0131n\u0131 kaybetmesinin ard\u0131ndan Manisa B\u00fcy\u00fck\u015fehir Belediye Meclisi 16 Haziran\u2019da yeni ba\u015fkan\u0131n\u0131 se\u00e7mek i\u00e7in toplanacak. Manisa B\u00fcy\u00fck\u015fehir Belediye Meclisi AK Parti Grubu, yap\u0131lacak olan ba\u015fkanl\u0131k se\u00e7iminde aday \u00e7\u0131karmayacaklar\u0131n\u0131 a\u00e7\u0131klad\u0131. AK Parti Manisa \u0130l Ba\u015fkan\u0131 S\u00fcleyman Turgut yapt\u0131\u011f\u0131 a\u00e7\u0131klamada, &#8220;AK Parti Manisa Te\u015fkilat\u0131m\u0131z, Milletvekillerimiz, Belediye Ba\u015fkanlar\u0131m\u0131z ve Meclis \u00fcyelerimizle ald\u0131\u011f\u0131m\u0131z ortak karar do\u011frultusunda, Manisa B\u00fcy\u00fck\u015fehir Belediye Meclisi\u2019nde yap\u0131lacak ba\u015fkanl\u0131k se\u00e7iminde aday \u00e7\u0131karmayaca\u011f\u0131m\u0131z\u0131 ve Cumhuriyet Halk Partisi\u2019nin g\u00f6sterece\u011fi adaya sayg\u0131 duyaca\u011f\u0131m\u0131z\u0131 kamuoyuyla payla\u015fmak isteriz&#8221; dedi.<br \/><\/p>\n","protected":false},"excerpt":{"rendered":"<p>Manisa B\u00fcy\u00fck\u015fehir Belediye Ba\u015fkan\u0131 Ferdi Zeyrek\u2019in elektrik ak\u0131m\u0131na kap\u0131larak hayat\u0131n\u0131 kaybetmesi sonras\u0131 16 Haziran Pazartesi g\u00fcn\u00fc Manisa B\u00fcy\u00fck\u015fehir Belediye Meclisince yap\u0131lacak olan ba\u015fkanl\u0131k se\u00e7imine AK Parti Grubu aday \u00e7\u0131karmayacaklar\u0131n\u0131 a\u00e7\u0131klad\u0131. Manisa B\u00fcy\u00fck\u015fehir Belediye Ba\u015fkan\u0131 Ferdi Zeyrek\u2019in Kurban Bayram\u0131\u2019n\u0131n birinci g\u00fcn\u00fc 6 Haziran\u2019da elektrik ak\u0131m\u0131na kap\u0131lmas\u0131 ve kald\u0131r\u0131ld\u0131\u011f\u0131 Manisa Celal Bayar \u00dcniversitesi Hafsa Sultan Hastanesinde 9&#8230;<\/p>\n","protected":false},"author":1,"featured_media":34818,"comment_status":"open","ping_status":"open","sticky":false,"template":"","format":"standard","meta":{"_crdt_document":"","footnotes":""},"categories":[1],"tags":[],"class_list":["post-34817","post","type-post","status-publish","format-standard","has-post-thumbnail","hentry","category-guncel"],"_links":{"self":[{"href":"https:\/\/www.egemtv.com\/index.php?rest_route=\/wp\/v2\/posts\/34817","targetHints":{"allow":["GET"]}}],"collection":[{"href":"https:\/\/www.egemtv.com\/index.php?rest_route=\/wp\/v2\/posts"}],"about":[{"href":"https:\/\/www.egemtv.com\/index.php?rest_route=\/wp\/v2\/types\/post"}],"author":[{"embeddable":true,"href":"https:\/\/www.egemtv.com\/index.php?rest_route=\/wp\/v2\/users\/1"}],"replies":[{"embeddable":true,"href":"https:\/\/www.egemtv.com\/index.php?rest_route=%2Fwp%2Fv2%2Fcomments&post=34817"}],"version-history":[{"count":1,"href":"https:\/\/www.egemtv.com\/index.php?rest_route=\/wp\/v2\/posts\/34817\/revisions"}],"predecessor-version":[{"id":34819,"href":"https:\/\/www.egemtv.com\/index.php?rest_route=\/wp\/v2\/posts\/34817\/revisions\/34819"}],"wp:featuredmedia":[{"embeddable":true,"href":"https:\/\/www.egemtv.com\/index.php?rest_route=\/wp\/v2\/media\/34818"}],"wp:attachment":[{"href":"https:\/\/www.egemtv.com\/index.php?rest_route=%2Fwp%2Fv2%2Fmedia&parent=34817"}],"wp:term":[{"taxonomy":"category","embeddable":true,"href":"https:\/\/www.egemtv.com\/index.php?rest_route=%2Fwp%2Fv2%2Fcategories&post=34817"},{"taxonomy":"post_tag","embeddable":true,"href":"https:\/\/www.egemtv.com\/index.php?rest_route=%2Fwp%2Fv2%2Ftags&post=34817"}],"curies":[{"name":"wp","href":"https:\/\/api.w.org\/{rel}","templated":true}]}}