{"id":34814,"date":"2025-06-13T12:56:29","date_gmt":"2025-06-13T09:56:29","guid":{"rendered":"https:\/\/www.egemtv.com\/?p=34814"},"modified":"2025-06-13T12:56:32","modified_gmt":"2025-06-13T09:56:32","slug":"izmirde-cikan-orman-yanginina-havadan-ve-karadan-mudahale-basladi","status":"publish","type":"post","link":"https:\/\/www.egemtv.com\/?p=34814","title":{"rendered":"\u0130zmir\u2019de \u00e7\u0131kan orman yang\u0131n\u0131na havadan ve karadan m\u00fcdahale ba\u015flad\u0131"},"content":{"rendered":"<p>\u0130zmir\u2019in Karaburun il\u00e7esinde ormanl\u0131k alanda \u00e7\u0131kan yang\u0131na havadan ve karadan m\u00fcdahale ba\u015flad\u0131. Alevleri kontrol alt\u0131na alma \u00e7al\u0131\u015fmalar\u0131 s\u00fcr\u00fcyor.<br \/>\n<br \/>Yang\u0131n, saat 11.40 s\u0131ralar\u0131nda Mordo\u011fan Mahallesi\u2019ndeki ormanl\u0131k alanda ba\u015flad\u0131. R\u00fczgar\u0131n etkisiyle b\u00fcy\u00fcyen alevlere \u0130zmir Orman B\u00f6lge M\u00fcd\u00fcrl\u00fc\u011f\u00fc, saat 11.52\u2019de 2 u\u00e7ak ve 6 helikopter ile havadan, 14 araz\u00f6z, 4 su ikmal ve 3 dozer ile karadan m\u00fcdahale etmeye ba\u015flad\u0131. Ekiplerin yang\u0131n\u0131 kontrol alt\u0131na alma \u00e7al\u0131\u015fmalar\u0131 s\u00fcr\u00fcyor.<br \/><\/p>\n","protected":false},"excerpt":{"rendered":"<p>\u0130zmir\u2019in Karaburun il\u00e7esinde ormanl\u0131k alanda \u00e7\u0131kan yang\u0131na havadan ve karadan m\u00fcdahale ba\u015flad\u0131. Alevleri kontrol alt\u0131na alma \u00e7al\u0131\u015fmalar\u0131 s\u00fcr\u00fcyor. Yang\u0131n, saat 11.40 s\u0131ralar\u0131nda Mordo\u011fan Mahallesi\u2019ndeki ormanl\u0131k alanda ba\u015flad\u0131. R\u00fczgar\u0131n etkisiyle b\u00fcy\u00fcyen alevlere \u0130zmir Orman B\u00f6lge M\u00fcd\u00fcrl\u00fc\u011f\u00fc, saat 11.52\u2019de 2 u\u00e7ak ve 6 helikopter ile havadan, 14 araz\u00f6z, 4 su ikmal ve 3 dozer ile karadan m\u00fcdahale&#8230;<\/p>\n","protected":false},"author":1,"featured_media":34815,"comment_status":"open","ping_status":"open","sticky":false,"template":"","format":"standard","meta":{"_crdt_document":"","footnotes":""},"categories":[5],"tags":[],"class_list":["post-34814","post","type-post","status-publish","format-standard","has-post-thumbnail","hentry","category-asayis"],"_links":{"self":[{"href":"https:\/\/www.egemtv.com\/index.php?rest_route=\/wp\/v2\/posts\/34814","targetHints":{"allow":["GET"]}}],"collection":[{"href":"https:\/\/www.egemtv.com\/index.php?rest_route=\/wp\/v2\/posts"}],"about":[{"href":"https:\/\/www.egemtv.com\/index.php?rest_route=\/wp\/v2\/types\/post"}],"author":[{"embeddable":true,"href":"https:\/\/www.egemtv.com\/index.php?rest_route=\/wp\/v2\/users\/1"}],"replies":[{"embeddable":true,"href":"https:\/\/www.egemtv.com\/index.php?rest_route=%2Fwp%2Fv2%2Fcomments&post=34814"}],"version-history":[{"count":1,"href":"https:\/\/www.egemtv.com\/index.php?rest_route=\/wp\/v2\/posts\/34814\/revisions"}],"predecessor-version":[{"id":34816,"href":"https:\/\/www.egemtv.com\/index.php?rest_route=\/wp\/v2\/posts\/34814\/revisions\/34816"}],"wp:featuredmedia":[{"embeddable":true,"href":"https:\/\/www.egemtv.com\/index.php?rest_route=\/wp\/v2\/media\/34815"}],"wp:attachment":[{"href":"https:\/\/www.egemtv.com\/index.php?rest_route=%2Fwp%2Fv2%2Fmedia&parent=34814"}],"wp:term":[{"taxonomy":"category","embeddable":true,"href":"https:\/\/www.egemtv.com\/index.php?rest_route=%2Fwp%2Fv2%2Fcategories&post=34814"},{"taxonomy":"post_tag","embeddable":true,"href":"https:\/\/www.egemtv.com\/index.php?rest_route=%2Fwp%2Fv2%2Ftags&post=34814"}],"curies":[{"name":"wp","href":"https:\/\/api.w.org\/{rel}","templated":true}]}}