{"id":34811,"date":"2025-06-13T12:56:19","date_gmt":"2025-06-13T09:56:19","guid":{"rendered":"https:\/\/www.egemtv.com\/?p=34811"},"modified":"2025-06-13T12:56:29","modified_gmt":"2025-06-13T09:56:29","slug":"milletvekili-sema-silkin-un-gazze-icin-yuruyecek","status":"publish","type":"post","link":"https:\/\/www.egemtv.com\/?p=34811","title":{"rendered":"Milletvekili Sema Silkin \u00dcn Gazze i\u00e7in y\u00fcr\u00fcyecek"},"content":{"rendered":"<p>Gelecek Partisi Denizli Milletvekili Sema Silkin \u00dcn, K\u00fcresel Gazze Y\u00fcr\u00fcy\u00fc\u015f\u00fc i\u00e7in Refah S\u0131n\u0131r Kap\u0131s\u0131\u2019na gidiyor.<\/p>\n<p>Gelecek Partisi Denizli Milletvekili Sema Silkin \u00dcn, d\u00fcnya kamuoyunun sessizli\u011fini k\u0131rmak, Filistin halk\u0131na y\u00f6nelik devam eden ablukan\u0131n sonland\u0131r\u0131lmas\u0131 ve Gazze\u2019de ya\u015fanan insanl\u0131k dram\u0131na dikkat \u00e7ekmek amac\u0131yla d\u00fczenlenen K\u00fcresel Gazze Y\u00fcr\u00fcy\u00fc\u015f\u00fc \u2019ne kat\u0131lacak. Milletvekili \u00dcn, y\u00fcr\u00fcy\u00fc\u015f\u00fcn en kritik noktas\u0131 olan Refah S\u0131n\u0131r Kap\u0131s\u0131\u2019na do\u011fru yola \u00e7\u0131kt\u0131klar\u0131n\u0131 belirterek, &#8220;20 ay aradan sonra yeniden Kahire\u2019deyiz. Bu kez insanl\u0131\u011f\u0131n en karanl\u0131k s\u0131nav\u0131 i\u00e7in buraday\u0131z. Sessizli\u011fin k\u0131r\u0131lmas\u0131, vicdan\u0131n hayk\u0131rmas\u0131 i\u00e7in Refah\u2019tay\u0131z&#8221; dedi. Sema Silkin \u00dcn, Refah\u2019\u0131n Gazze\u2019ye a\u00e7\u0131lan tek nefes borusu oldu\u011funu vurgulayarak &#8220;Refah, sadece bir s\u0131n\u0131r kap\u0131s\u0131 de\u011fil; ayn\u0131 zamanda d\u00fcnyan\u0131n en b\u00fcy\u00fck insanl\u0131k krizinin tan\u0131\u011f\u0131. Siyonist \u0130srail\u2019in uluslararas\u0131 hukuku hi\u00e7e sayan sald\u0131rgan politikalar\u0131na kar\u015f\u0131 Refah, Gazze\u2019nin onurunu ta\u015f\u0131yor. Gazze\u2019nin y\u00fck\u00fcn\u00fc tek ba\u015f\u0131na s\u0131rtlayan bu k\u00fc\u00e7\u00fck \u015fehir, bug\u00fcn vicdan\u0131n merkezidir. \u0130\u015fte biz de bu y\u00fczden buraday\u0131z.&#8221; Dedi. Y\u00fcr\u00fcy\u00fc\u015f\u00fcn, \u0130srail\u2019in Gazze\u2019ye y\u00f6nelik abluka ve sald\u0131r\u0131lar\u0131n\u0131n durdurulmas\u0131, b\u00f6lgeye insani yard\u0131mlar\u0131n ula\u015ft\u0131r\u0131labilmesi ve k\u00fcresel dayan\u0131\u015fman\u0131n g\u00fc\u00e7lendirilmesi i\u00e7in kritik bir mesaj ta\u015f\u0131d\u0131\u011f\u0131n\u0131 belirten \u00dcn, &#8220;T\u00fcrkiye\u2019den binlerce insan\u0131m\u0131zla, d\u00fcnyan\u0131n d\u00f6rt bir yan\u0131ndan on binlerce vicdan sahibiyle birlikte buraday\u0131z. Bu y\u00fcr\u00fcy\u00fc\u015f, sadece Filistin i\u00e7in de\u011fil, insanl\u0131k onuru i\u00e7in bir y\u00fcr\u00fcy\u00fc\u015ft\u00fcr. Bu y\u00fcr\u00fcy\u00fc\u015f, sadece bir eylem de\u011fil, ayn\u0131 zamanda insanl\u0131\u011f\u0131n kendine kar\u015f\u0131 y\u00fcr\u00fcy\u00fc\u015f\u00fcd\u00fcr. \u00c7ocuklar\u0131n, kad\u0131nlar\u0131n, ya\u015fl\u0131lar\u0131n bombalar alt\u0131nda can verdi\u011fi bir d\u00fcnyada sessiz kalmak, su\u00e7a ortak olmakt\u0131r. Biz buna ortak olmayaca\u011f\u0131z. Biz, vicdan\u0131 temsil edenlerin sesiyiz.&#8221; Dedi<\/p>\n<p>Gelecek Partisi Denizli Milletvekili Sema Silkin \u00dcn, k\u00fcresel Gazze y\u00fcr\u00fcy\u00fc\u015f\u00fc i\u00e7in refah kap\u0131s\u0131na gidiyor.<br \/>\n<br \/>Milletvekili \u00dcn, &#8220;20 ay aradan sonra yeniden Kahire\u2019deyiz. \u0130nsanl\u0131k vicdan\u0131n\u0131n kanad\u0131\u011f\u0131 yere, Refah\u2019a gidiyoruz. T\u00fcm d\u00fcnyan\u0131n sessizce izledi\u011fi, soyk\u0131r\u0131m\u0131n en \u00e7aresiz, en dertli \u015fahidi Refah. Gazze\u2019nin y\u00fck\u00fcn\u00fc tek ba\u015f\u0131na s\u0131rtlayan Refah. Siyonist \u0130srail\u2019in kural tan\u0131mazl\u0131\u011f\u0131na kar\u015f\u0131 M\u0131s\u0131r\u2019\u0131n yaln\u0131z olmad\u0131\u011f\u0131n\u0131n alt\u0131n\u0131 \u00e7izen ve Gazze\u2019deki utan\u00e7 ablukas\u0131n\u0131 sonland\u0131rmay\u0131 ama\u00e7layan K\u00fcresel Gazze Y\u00fcr\u00fcy\u00fc\u015f\u00fc \u2019n\u00fcn bir par\u00e7as\u0131 olarak Kahire\u2019deyiz. T\u00fcrkiye\u2019den binlerce vatanda\u015f\u0131m\u0131zla, d\u00fcnyadan on binlerce insan\u0131m\u0131zla buraday\u0131z&#8221; dedi.<br \/><\/p>\n","protected":false},"excerpt":{"rendered":"<p>Gelecek Partisi Denizli Milletvekili Sema Silkin \u00dcn, K\u00fcresel Gazze Y\u00fcr\u00fcy\u00fc\u015f\u00fc i\u00e7in Refah S\u0131n\u0131r Kap\u0131s\u0131\u2019na gidiyor. Gelecek Partisi Denizli Milletvekili Sema Silkin \u00dcn, d\u00fcnya kamuoyunun sessizli\u011fini k\u0131rmak, Filistin halk\u0131na y\u00f6nelik devam eden ablukan\u0131n sonland\u0131r\u0131lmas\u0131 ve Gazze\u2019de ya\u015fanan insanl\u0131k dram\u0131na dikkat \u00e7ekmek amac\u0131yla d\u00fczenlenen K\u00fcresel Gazze Y\u00fcr\u00fcy\u00fc\u015f\u00fc \u2019ne kat\u0131lacak. Milletvekili \u00dcn, y\u00fcr\u00fcy\u00fc\u015f\u00fcn en kritik noktas\u0131 olan Refah&#8230;<\/p>\n","protected":false},"author":1,"featured_media":34812,"comment_status":"open","ping_status":"open","sticky":false,"template":"","format":"standard","meta":{"_crdt_document":"","footnotes":""},"categories":[127],"tags":[],"class_list":["post-34811","post","type-post","status-publish","format-standard","has-post-thumbnail","hentry","category-siyaset"],"_links":{"self":[{"href":"https:\/\/www.egemtv.com\/index.php?rest_route=\/wp\/v2\/posts\/34811","targetHints":{"allow":["GET"]}}],"collection":[{"href":"https:\/\/www.egemtv.com\/index.php?rest_route=\/wp\/v2\/posts"}],"about":[{"href":"https:\/\/www.egemtv.com\/index.php?rest_route=\/wp\/v2\/types\/post"}],"author":[{"embeddable":true,"href":"https:\/\/www.egemtv.com\/index.php?rest_route=\/wp\/v2\/users\/1"}],"replies":[{"embeddable":true,"href":"https:\/\/www.egemtv.com\/index.php?rest_route=%2Fwp%2Fv2%2Fcomments&post=34811"}],"version-history":[{"count":1,"href":"https:\/\/www.egemtv.com\/index.php?rest_route=\/wp\/v2\/posts\/34811\/revisions"}],"predecessor-version":[{"id":34813,"href":"https:\/\/www.egemtv.com\/index.php?rest_route=\/wp\/v2\/posts\/34811\/revisions\/34813"}],"wp:featuredmedia":[{"embeddable":true,"href":"https:\/\/www.egemtv.com\/index.php?rest_route=\/wp\/v2\/media\/34812"}],"wp:attachment":[{"href":"https:\/\/www.egemtv.com\/index.php?rest_route=%2Fwp%2Fv2%2Fmedia&parent=34811"}],"wp:term":[{"taxonomy":"category","embeddable":true,"href":"https:\/\/www.egemtv.com\/index.php?rest_route=%2Fwp%2Fv2%2Fcategories&post=34811"},{"taxonomy":"post_tag","embeddable":true,"href":"https:\/\/www.egemtv.com\/index.php?rest_route=%2Fwp%2Fv2%2Ftags&post=34811"}],"curies":[{"name":"wp","href":"https:\/\/api.w.org\/{rel}","templated":true}]}}