{"id":34808,"date":"2025-06-13T12:36:04","date_gmt":"2025-06-13T09:36:04","guid":{"rendered":"https:\/\/www.egemtv.com\/?p=34808"},"modified":"2025-06-13T12:36:09","modified_gmt":"2025-06-13T09:36:09","slug":"denizlide-jandarma-teskilatinin-186-yilina-ozel-kentte-konvoy-turu","status":"publish","type":"post","link":"https:\/\/www.egemtv.com\/?p=34808","title":{"rendered":"Denizli\u2019de Jandarma Te\u015fkilat\u0131n\u0131n 186. Y\u0131l\u0131na \u00f6zel kentte konvoy turu"},"content":{"rendered":"<p>Jandarma Te\u015fkilat\u0131n\u0131n 186. kurulu\u015f y\u0131l d\u00f6n\u00fcm\u00fc kapsam\u0131nda Denizli\u2019de anlaml\u0131 bir etkinlik d\u00fczenlendi. Denizli Valili\u011fi ve Denizli \u0130l Jandarma Komutanl\u0131\u011f\u0131 koordinesinde ger\u00e7ekle\u015ftirilen programda, jandarma motorize ekipleri ve esnaf kuryeler kentte konvoy halinde tur att\u0131.<\/p>\n<p>Jandarma Te\u015fkilat\u0131n\u0131n 186. kurulu\u015f y\u0131l d\u00f6n\u00fcm\u00fc kapsam\u0131nda Denizli\u2019de etkinlik d\u00fczenlendi. Denizli Valili\u011fi ve Denizli \u0130l Jandarma Komutanl\u0131\u011f\u0131\u2019n\u0131n koordinesinde d\u00fczenlenen programda, jandarma motorize ekipleri ile esnaf kuryeler kent merkezinde konvoy olu\u015fturarak tur att\u0131. Seyir Tepesi Otopark Alan\u0131\u2019ndan ba\u015flayan konvoy, Denizli\u2019nin farkl\u0131 noktalar\u0131ndan ge\u00e7erek Pamukkale G\u00fcney Kap\u0131s\u0131\u2019nda son buldu. Program kapsam\u0131nda Denizli Motosikletli Kuryeler Derne\u011fi Ba\u015fkan\u0131 Emin Ba\u015faran, jandarma te\u015fkilat\u0131na katk\u0131lar\u0131ndan dolay\u0131 \u00f6d\u00fcl takdim etti.<br \/><\/p>\n","protected":false},"excerpt":{"rendered":"<p>Jandarma Te\u015fkilat\u0131n\u0131n 186. kurulu\u015f y\u0131l d\u00f6n\u00fcm\u00fc kapsam\u0131nda Denizli\u2019de anlaml\u0131 bir etkinlik d\u00fczenlendi. Denizli Valili\u011fi ve Denizli \u0130l Jandarma Komutanl\u0131\u011f\u0131 koordinesinde ger\u00e7ekle\u015ftirilen programda, jandarma motorize ekipleri ve esnaf kuryeler kentte konvoy halinde tur att\u0131. Jandarma Te\u015fkilat\u0131n\u0131n 186. kurulu\u015f y\u0131l d\u00f6n\u00fcm\u00fc kapsam\u0131nda Denizli\u2019de etkinlik d\u00fczenlendi. Denizli Valili\u011fi ve Denizli \u0130l Jandarma Komutanl\u0131\u011f\u0131\u2019n\u0131n koordinesinde d\u00fczenlenen programda, jandarma motorize&#8230;<\/p>\n","protected":false},"author":1,"featured_media":34809,"comment_status":"open","ping_status":"open","sticky":false,"template":"","format":"standard","meta":{"_crdt_document":"","footnotes":""},"categories":[5],"tags":[],"class_list":["post-34808","post","type-post","status-publish","format-standard","has-post-thumbnail","hentry","category-asayis"],"_links":{"self":[{"href":"https:\/\/www.egemtv.com\/index.php?rest_route=\/wp\/v2\/posts\/34808","targetHints":{"allow":["GET"]}}],"collection":[{"href":"https:\/\/www.egemtv.com\/index.php?rest_route=\/wp\/v2\/posts"}],"about":[{"href":"https:\/\/www.egemtv.com\/index.php?rest_route=\/wp\/v2\/types\/post"}],"author":[{"embeddable":true,"href":"https:\/\/www.egemtv.com\/index.php?rest_route=\/wp\/v2\/users\/1"}],"replies":[{"embeddable":true,"href":"https:\/\/www.egemtv.com\/index.php?rest_route=%2Fwp%2Fv2%2Fcomments&post=34808"}],"version-history":[{"count":1,"href":"https:\/\/www.egemtv.com\/index.php?rest_route=\/wp\/v2\/posts\/34808\/revisions"}],"predecessor-version":[{"id":34810,"href":"https:\/\/www.egemtv.com\/index.php?rest_route=\/wp\/v2\/posts\/34808\/revisions\/34810"}],"wp:featuredmedia":[{"embeddable":true,"href":"https:\/\/www.egemtv.com\/index.php?rest_route=\/wp\/v2\/media\/34809"}],"wp:attachment":[{"href":"https:\/\/www.egemtv.com\/index.php?rest_route=%2Fwp%2Fv2%2Fmedia&parent=34808"}],"wp:term":[{"taxonomy":"category","embeddable":true,"href":"https:\/\/www.egemtv.com\/index.php?rest_route=%2Fwp%2Fv2%2Fcategories&post=34808"},{"taxonomy":"post_tag","embeddable":true,"href":"https:\/\/www.egemtv.com\/index.php?rest_route=%2Fwp%2Fv2%2Ftags&post=34808"}],"curies":[{"name":"wp","href":"https:\/\/api.w.org\/{rel}","templated":true}]}}