{"id":34805,"date":"2025-06-13T12:36:00","date_gmt":"2025-06-13T09:36:00","guid":{"rendered":"https:\/\/www.egemtv.com\/?p=34805"},"modified":"2025-06-13T12:36:04","modified_gmt":"2025-06-13T09:36:04","slug":"blaundos-antik-kentinde-kazi-sezonu-basladi","status":"publish","type":"post","link":"https:\/\/www.egemtv.com\/?p=34805","title":{"rendered":"Blaundos Antik Kenti\u2019nde kaz\u0131 sezonu ba\u015flad\u0131"},"content":{"rendered":"<p>U\u015fak\u2019\u0131n Ulubey il\u00e7esinde bulunan Blaundos Antik Kenti\u2019nde 2025 y\u0131l\u0131n\u0131n kaz\u0131 sezonun a\u00e7\u0131l\u0131\u015f\u0131 i\u00e7in t\u00f6ren d\u00fczenlendi.<\/p>\n<p>U\u015fak kent merkezine 40 kilometre, Ulubey il\u00e7esine 8 kilometre uzakl\u0131kta bulunan Blaundus Antik Kenti, il\u00e7enin turizm sekt\u00f6r\u00fcne b\u00fcy\u00fck katk\u0131 sa\u011fl\u0131yor. 23 as\u0131rl\u0131k y\u0131llara meydan okuyan antik kentin baz\u0131 yap\u0131lar\u0131 g\u00fcn\u00fcm\u00fczde hala ayakta duruyor. Makedonya Kral\u0131 B\u00fcy\u00fck \u0130skender taraf\u0131ndan kuruldu\u011fu bilinen ve tarihi M\u00d6 3\u2019\u00fcnc\u00fc y\u00fczy\u0131la dayanan Blaundus Antik Kenti\u2019ndeki kale, tiyatro, stadyum ve kaya mezarlar\u0131n\u0131n ortaya \u00e7\u0131kart\u0131lmas\u0131 i\u00e7in 2018 y\u0131l\u0131nda kaz\u0131 \u00e7al\u0131\u015fmalar\u0131 ba\u015flat\u0131ld\u0131. Blaundos Antik Kenti\u2019nde yeni kaz\u0131 sezonunun a\u00e7\u0131l\u0131\u015f\u0131 i\u00e7in d\u00fczenlenen t\u00f6ren \u00f6ncesinde Vali Naci Akta\u015f ve kat\u0131l\u0131mc\u0131lar antik kenti gezdi.<\/p>\n<p>Burada Vali Akta\u015f, y\u00fcr\u00fct\u00fclecek \u00e7al\u0131\u015fmalar hakk\u0131nda \u0130l K\u00fclt\u00fcr ve Turizm M\u00fcd\u00fcr\u00fc Yavuz \u00c7akar\u2019dan bilgi al\u0131rken 2025 y\u0131l\u0131n\u0131n kaza sezonu i\u00e7in Vali Akta\u015f taraf\u0131ndan vurulan ilk kazmayla antik kentte yeni kaz\u0131 sezonu ba\u015flat\u0131ld\u0131.<br \/>\n<br \/>Antik kentte 2025 y\u0131l\u0131 sezonunun bug\u00fcn itibari ile ba\u015flad\u0131\u011f\u0131n\u0131 aktaran Vali Akta\u015f, kaz\u0131 \u00e7al\u0131\u015fmalar\u0131nda 20 ki\u015filik ekibin g\u00f6rev yapaca\u011f\u0131n\u0131 ifade ederek &#8220;Bu y\u0131lki kaz\u0131 \u00e7al\u0131\u015fmalar\u0131 kuzey tap\u0131na\u011f\u0131, stadyum ve s\u00fctunlu caddede y\u00fcr\u00fct\u00fclecek. Amac\u0131m\u0131z \u00fclkemizin ve \u015fehrimizin k\u00fclt\u00fcrel varl\u0131\u011f\u0131n\u0131 g\u00fcn y\u00fcz\u00fcne \u00e7\u0131karmak, hem de ilimizin turistik ve k\u00fclt\u00fcrel yap\u0131s\u0131n\u0131, potansiyelini g\u00fcn y\u00fcz\u00fcne \u00e7\u0131kararak yerli ve yabanc\u0131 turistlere a\u00e7makt\u0131r. Ayn\u0131 zamanda ilimizin k\u00fclt\u00fcr ve turizmine katk\u0131 sa\u011flamakt\u0131r.&#8221; dedi.<br \/>\n<br \/>T\u00f6rene Vali Akta\u015f\u2019\u0131n yan\u0131 s\u0131ra CHP U\u015fak Milletvekili Ali Karaoba, Ulubey Kaymakam\u0131 \u0130brahim Co\u015fkunaslan, \u0130l Emniyet M\u00fcd\u00fcr\u00fc Mehmet Ali Kolcu, \u0130l Jandarma Komutan\u0131 Fahri Semiz, Ulubey Belediye Ba\u015fkan\u0131 Veli Ko\u00e7lu, \u0130l K\u00fclt\u00fcr ve Turizm \u0130l M\u00fcd\u00fcr\u00fc Yavuz \u00c7akar ve di\u011fer davetliler kat\u0131ld\u0131.<br \/><\/p>\n","protected":false},"excerpt":{"rendered":"<p>U\u015fak\u2019\u0131n Ulubey il\u00e7esinde bulunan Blaundos Antik Kenti\u2019nde 2025 y\u0131l\u0131n\u0131n kaz\u0131 sezonun a\u00e7\u0131l\u0131\u015f\u0131 i\u00e7in t\u00f6ren d\u00fczenlendi. U\u015fak kent merkezine 40 kilometre, Ulubey il\u00e7esine 8 kilometre uzakl\u0131kta bulunan Blaundus Antik Kenti, il\u00e7enin turizm sekt\u00f6r\u00fcne b\u00fcy\u00fck katk\u0131 sa\u011fl\u0131yor. 23 as\u0131rl\u0131k y\u0131llara meydan okuyan antik kentin baz\u0131 yap\u0131lar\u0131 g\u00fcn\u00fcm\u00fczde hala ayakta duruyor. Makedonya Kral\u0131 B\u00fcy\u00fck \u0130skender taraf\u0131ndan kuruldu\u011fu bilinen&#8230;<\/p>\n","protected":false},"author":1,"featured_media":34806,"comment_status":"open","ping_status":"open","sticky":false,"template":"","format":"standard","meta":{"_crdt_document":"","footnotes":""},"categories":[1],"tags":[],"class_list":["post-34805","post","type-post","status-publish","format-standard","has-post-thumbnail","hentry","category-guncel"],"_links":{"self":[{"href":"https:\/\/www.egemtv.com\/index.php?rest_route=\/wp\/v2\/posts\/34805","targetHints":{"allow":["GET"]}}],"collection":[{"href":"https:\/\/www.egemtv.com\/index.php?rest_route=\/wp\/v2\/posts"}],"about":[{"href":"https:\/\/www.egemtv.com\/index.php?rest_route=\/wp\/v2\/types\/post"}],"author":[{"embeddable":true,"href":"https:\/\/www.egemtv.com\/index.php?rest_route=\/wp\/v2\/users\/1"}],"replies":[{"embeddable":true,"href":"https:\/\/www.egemtv.com\/index.php?rest_route=%2Fwp%2Fv2%2Fcomments&post=34805"}],"version-history":[{"count":1,"href":"https:\/\/www.egemtv.com\/index.php?rest_route=\/wp\/v2\/posts\/34805\/revisions"}],"predecessor-version":[{"id":34807,"href":"https:\/\/www.egemtv.com\/index.php?rest_route=\/wp\/v2\/posts\/34805\/revisions\/34807"}],"wp:featuredmedia":[{"embeddable":true,"href":"https:\/\/www.egemtv.com\/index.php?rest_route=\/wp\/v2\/media\/34806"}],"wp:attachment":[{"href":"https:\/\/www.egemtv.com\/index.php?rest_route=%2Fwp%2Fv2%2Fmedia&parent=34805"}],"wp:term":[{"taxonomy":"category","embeddable":true,"href":"https:\/\/www.egemtv.com\/index.php?rest_route=%2Fwp%2Fv2%2Fcategories&post=34805"},{"taxonomy":"post_tag","embeddable":true,"href":"https:\/\/www.egemtv.com\/index.php?rest_route=%2Fwp%2Fv2%2Ftags&post=34805"}],"curies":[{"name":"wp","href":"https:\/\/api.w.org\/{rel}","templated":true}]}}