{"id":34802,"date":"2025-06-13T12:35:59","date_gmt":"2025-06-13T09:35:59","guid":{"rendered":"https:\/\/www.egemtv.com\/?p=34802"},"modified":"2025-06-13T12:36:00","modified_gmt":"2025-06-13T09:36:00","slug":"yataganli-universite-ogrencisi-daldal-topraga-verildi","status":"publish","type":"post","link":"https:\/\/www.egemtv.com\/?p=34802","title":{"rendered":"Yata\u011fanl\u0131 \u00fcniversite \u00f6\u011frencisi Daldal topra\u011fa verildi"},"content":{"rendered":"<p>Mu\u011fla\u2019n\u0131n Yata\u011fan il\u00e7esinde hayat\u0131n\u0131 kaybeden \u00fcniversite 1. s\u0131n\u0131f \u00f6\u011frencisi ve Bencik Mahallesi Camii \u0130mam Hatibi Lokman Daldal\u2019\u0131n e\u015fi P\u0131nar Daldal topra\u011fa verildi.<\/p>\n<p>Edinilen bilgiye g\u00f6re, Mu\u011fla S\u0131tk\u0131 Ko\u00e7man \u00dcniversitesi \u0130lahiyat Fak\u00fcltesi 1. s\u0131n\u0131f \u00f6\u011frencisi ve Yata\u011fan Bencik Mahallesi Camii \u0130mam Hatibi Lokman Daldal\u2019\u0131n e\u015fi P\u0131nar Daldal rahats\u0131zl\u0131\u011f\u0131 dolay\u0131s\u0131yla tedavi g\u00f6rd\u00fc\u011f\u00fc hastanede hayata g\u00f6zlerini kapad\u0131. Daldal\u2019\u0131n ac\u0131 haberini alan yak\u0131nlar\u0131 yasa bo\u011fulurken, e\u015finin g\u00f6rev yapt\u0131\u011f\u0131 camide cenaze t\u00f6reni d\u00fczenlendi. Daldal\u2019\u0131n cenazesi k\u0131l\u0131nan cenaze namaz\u0131n\u0131n ard\u0131ndan Bencik Mezarl\u0131\u011f\u0131\u2019na topra\u011fa verildi.<br \/><\/p>\n","protected":false},"excerpt":{"rendered":"<p>Mu\u011fla\u2019n\u0131n Yata\u011fan il\u00e7esinde hayat\u0131n\u0131 kaybeden \u00fcniversite 1. s\u0131n\u0131f \u00f6\u011frencisi ve Bencik Mahallesi Camii \u0130mam Hatibi Lokman Daldal\u2019\u0131n e\u015fi P\u0131nar Daldal topra\u011fa verildi. Edinilen bilgiye g\u00f6re, Mu\u011fla S\u0131tk\u0131 Ko\u00e7man \u00dcniversitesi \u0130lahiyat Fak\u00fcltesi 1. s\u0131n\u0131f \u00f6\u011frencisi ve Yata\u011fan Bencik Mahallesi Camii \u0130mam Hatibi Lokman Daldal\u2019\u0131n e\u015fi P\u0131nar Daldal rahats\u0131zl\u0131\u011f\u0131 dolay\u0131s\u0131yla tedavi g\u00f6rd\u00fc\u011f\u00fc hastanede hayata g\u00f6zlerini kapad\u0131. Daldal\u2019\u0131n&#8230;<\/p>\n","protected":false},"author":1,"featured_media":34803,"comment_status":"open","ping_status":"open","sticky":false,"template":"","format":"standard","meta":{"_crdt_document":"","footnotes":""},"categories":[1],"tags":[],"class_list":["post-34802","post","type-post","status-publish","format-standard","has-post-thumbnail","hentry","category-guncel"],"_links":{"self":[{"href":"https:\/\/www.egemtv.com\/index.php?rest_route=\/wp\/v2\/posts\/34802","targetHints":{"allow":["GET"]}}],"collection":[{"href":"https:\/\/www.egemtv.com\/index.php?rest_route=\/wp\/v2\/posts"}],"about":[{"href":"https:\/\/www.egemtv.com\/index.php?rest_route=\/wp\/v2\/types\/post"}],"author":[{"embeddable":true,"href":"https:\/\/www.egemtv.com\/index.php?rest_route=\/wp\/v2\/users\/1"}],"replies":[{"embeddable":true,"href":"https:\/\/www.egemtv.com\/index.php?rest_route=%2Fwp%2Fv2%2Fcomments&post=34802"}],"version-history":[{"count":1,"href":"https:\/\/www.egemtv.com\/index.php?rest_route=\/wp\/v2\/posts\/34802\/revisions"}],"predecessor-version":[{"id":34804,"href":"https:\/\/www.egemtv.com\/index.php?rest_route=\/wp\/v2\/posts\/34802\/revisions\/34804"}],"wp:featuredmedia":[{"embeddable":true,"href":"https:\/\/www.egemtv.com\/index.php?rest_route=\/wp\/v2\/media\/34803"}],"wp:attachment":[{"href":"https:\/\/www.egemtv.com\/index.php?rest_route=%2Fwp%2Fv2%2Fmedia&parent=34802"}],"wp:term":[{"taxonomy":"category","embeddable":true,"href":"https:\/\/www.egemtv.com\/index.php?rest_route=%2Fwp%2Fv2%2Fcategories&post=34802"},{"taxonomy":"post_tag","embeddable":true,"href":"https:\/\/www.egemtv.com\/index.php?rest_route=%2Fwp%2Fv2%2Ftags&post=34802"}],"curies":[{"name":"wp","href":"https:\/\/api.w.org\/{rel}","templated":true}]}}