{"id":34793,"date":"2025-06-13T11:56:00","date_gmt":"2025-06-13T08:56:00","guid":{"rendered":"https:\/\/www.egemtv.com\/?p=34793"},"modified":"2025-06-13T11:56:04","modified_gmt":"2025-06-13T08:56:04","slug":"muglada-ogrencilere-orman-yanginlari-konusunda-es-zamanli-farkindalik-egitimi-verildi","status":"publish","type":"post","link":"https:\/\/www.egemtv.com\/?p=34793","title":{"rendered":"Mu\u011fla\u2019da \u00f6\u011frencilere orman yang\u0131nlar\u0131 konusunda e\u015f zamanl\u0131 fark\u0131ndal\u0131k e\u011fitimi verildi"},"content":{"rendered":"<p>Yakla\u015fan s\u0131cak yaz mevsimi ve k\u00fcresel \u0131s\u0131nman\u0131n etkileriyle birlikte artmas\u0131 muhtemel orman yang\u0131nlar\u0131na kar\u015f\u0131 m\u00fccadele kapsam\u0131nda, Mu\u011fla genelinde okullarda e\u015f zamanl\u0131 olarak \u00f6\u011frencilere y\u00f6nelik bilgilendirme \u00e7al\u0131\u015fmalar\u0131 ger\u00e7ekle\u015ftirildi.<\/p>\n<p>Mu\u011fla \u0130l Milli E\u011fitim M\u00fcd\u00fcrl\u00fc\u011f\u00fc Arama-Kurtarma Birimi (MEB AKUB) ile Orman Genel M\u00fcd\u00fcrl\u00fc\u011f\u00fc\u2019ne ba\u011fl\u0131 Mu\u011fla Orman B\u00f6lge M\u00fcd\u00fcrl\u00fc\u011f\u00fc i\u015f birli\u011finde d\u00fczenlenen fark\u0131ndal\u0131k etkinli\u011fi \u00e7er\u00e7evesinde, anaokulu, ilkokul, ortaokul ve lise d\u00fczeyindeki \u00f6\u011frencilere, ya\u015f gruplar\u0131na uygun \u015fekilde haz\u0131rlanan videolar izletildi.<\/p>\n<p>&#8220;\u00c7ocuklar\u0131m\u0131z\u0131n do\u011faya duyarl\u0131l\u0131\u011f\u0131 art\u0131yor&#8221;<br \/>\n<br \/>Etkinlikle ilgili a\u00e7\u0131klamalarda bulunan Mente\u015fe \u015eehit K\u0131van\u00e7 Cesur Ortaokulu M\u00fcd\u00fcr\u00fc ve MEB AKUB Mu\u011fla \u0130l Koordinat\u00f6r\u00fc Sava\u015f Sinan Koca, son y\u0131llarda \u00f6zellikle Mu\u011fla\u2019da ya\u015fanan b\u00fcy\u00fck orman yang\u0131nlar\u0131n\u0131n ard\u0131ndan bu t\u00fcr bilin\u00e7lendirme \u00e7al\u0131\u015fmalar\u0131n\u0131n \u00f6neminin daha da artt\u0131\u011f\u0131n\u0131 vurgulad\u0131.<\/p>\n<p>Koca, a\u00e7\u0131klamas\u0131nda \u015fu ifadelere yer verdi:<br \/>\n<br \/>&#8220;Son y\u0131llarda hem \u00fclkemizde hem de Mu\u011fla\u2019m\u0131zda b\u00fcy\u00fck orman yang\u0131nlar\u0131na tan\u0131kl\u0131k ettik. Bu felaketlerin ard\u0131ndan bizler de hem Mill\u00ee E\u011fitim Bakanl\u0131\u011f\u0131 Arama-Kurtarma Birimi hem de Mu\u011fla Orman B\u00f6lge M\u00fcd\u00fcrl\u00fc\u011f\u00fc ile i\u015f birli\u011fi i\u00e7inde, \u00e7ocuklar\u0131m\u0131za orman yang\u0131nlar\u0131 konusunda fark\u0131ndal\u0131k kazand\u0131rmak i\u00e7in \u00e7al\u0131\u015fmalar y\u00fcr\u00fct\u00fcyoruz. Haz\u0131rlad\u0131\u011f\u0131m\u0131z videolar sayesinde \u00f6\u011frencilerimiz, ormanlar\u0131n ta\u015f\u0131d\u0131\u011f\u0131 hayati \u00f6nemi, orman yang\u0131nlar\u0131n\u0131 \u00f6nlemek i\u00e7in neler yap\u0131lmas\u0131 gerekti\u011fini ve yang\u0131nla m\u00fccadelede kurumlar\u0131n g\u00f6revlerini \u00f6\u011frendiler&#8221;<\/p>\n<p>&#8220;T\u00fcm il\u00e7elerde e\u015f zamanl\u0131 uygulama&#8221;<br \/>\n<br \/>Koca, bu fark\u0131ndal\u0131k \u00e7al\u0131\u015fmas\u0131n\u0131n Mu\u011fla genelindeki t\u00fcm il\u00e7elerde e\u015f zamanl\u0131 olarak ger\u00e7ekle\u015ftirildi\u011fini belirterek, &#8220;Fethiye\u2019den Bodrum\u2019a, Kavakl\u0131dere\u2019den Seydikemer\u2019e kadar ilimizin d\u00f6rt bir yan\u0131ndaki okullar\u0131m\u0131zda, farkl\u0131 ya\u015f gruplar\u0131na \u00f6zel olarak haz\u0131rlad\u0131\u011f\u0131m\u0131z videolar \u00f6\u011frencilerimize izletildi. B\u00f6ylelikle hem k\u00fc\u00e7\u00fck ya\u015f gruplar\u0131nda temel \u00e7evre bilinci olu\u015fturduk hem de lise d\u00fczeyindeki \u00f6\u011frencilerimize daha derinlemesine bilgiler aktard\u0131k&#8221; dedi.<br \/><\/p>\n","protected":false},"excerpt":{"rendered":"<p>Yakla\u015fan s\u0131cak yaz mevsimi ve k\u00fcresel \u0131s\u0131nman\u0131n etkileriyle birlikte artmas\u0131 muhtemel orman yang\u0131nlar\u0131na kar\u015f\u0131 m\u00fccadele kapsam\u0131nda, Mu\u011fla genelinde okullarda e\u015f zamanl\u0131 olarak \u00f6\u011frencilere y\u00f6nelik bilgilendirme \u00e7al\u0131\u015fmalar\u0131 ger\u00e7ekle\u015ftirildi. Mu\u011fla \u0130l Milli E\u011fitim M\u00fcd\u00fcrl\u00fc\u011f\u00fc Arama-Kurtarma Birimi (MEB AKUB) ile Orman Genel M\u00fcd\u00fcrl\u00fc\u011f\u00fc\u2019ne ba\u011fl\u0131 Mu\u011fla Orman B\u00f6lge M\u00fcd\u00fcrl\u00fc\u011f\u00fc i\u015f birli\u011finde d\u00fczenlenen fark\u0131ndal\u0131k etkinli\u011fi \u00e7er\u00e7evesinde, anaokulu, ilkokul, ortaokul ve&#8230;<\/p>\n","protected":false},"author":1,"featured_media":34794,"comment_status":"open","ping_status":"open","sticky":false,"template":"","format":"standard","meta":{"_crdt_document":"","footnotes":""},"categories":[1],"tags":[],"class_list":["post-34793","post","type-post","status-publish","format-standard","has-post-thumbnail","hentry","category-guncel"],"_links":{"self":[{"href":"https:\/\/www.egemtv.com\/index.php?rest_route=\/wp\/v2\/posts\/34793","targetHints":{"allow":["GET"]}}],"collection":[{"href":"https:\/\/www.egemtv.com\/index.php?rest_route=\/wp\/v2\/posts"}],"about":[{"href":"https:\/\/www.egemtv.com\/index.php?rest_route=\/wp\/v2\/types\/post"}],"author":[{"embeddable":true,"href":"https:\/\/www.egemtv.com\/index.php?rest_route=\/wp\/v2\/users\/1"}],"replies":[{"embeddable":true,"href":"https:\/\/www.egemtv.com\/index.php?rest_route=%2Fwp%2Fv2%2Fcomments&post=34793"}],"version-history":[{"count":1,"href":"https:\/\/www.egemtv.com\/index.php?rest_route=\/wp\/v2\/posts\/34793\/revisions"}],"predecessor-version":[{"id":34795,"href":"https:\/\/www.egemtv.com\/index.php?rest_route=\/wp\/v2\/posts\/34793\/revisions\/34795"}],"wp:featuredmedia":[{"embeddable":true,"href":"https:\/\/www.egemtv.com\/index.php?rest_route=\/wp\/v2\/media\/34794"}],"wp:attachment":[{"href":"https:\/\/www.egemtv.com\/index.php?rest_route=%2Fwp%2Fv2%2Fmedia&parent=34793"}],"wp:term":[{"taxonomy":"category","embeddable":true,"href":"https:\/\/www.egemtv.com\/index.php?rest_route=%2Fwp%2Fv2%2Fcategories&post=34793"},{"taxonomy":"post_tag","embeddable":true,"href":"https:\/\/www.egemtv.com\/index.php?rest_route=%2Fwp%2Fv2%2Ftags&post=34793"}],"curies":[{"name":"wp","href":"https:\/\/api.w.org\/{rel}","templated":true}]}}