{"id":34787,"date":"2025-06-13T11:55:51","date_gmt":"2025-06-13T08:55:51","guid":{"rendered":"https:\/\/www.egemtv.com\/?p=34787"},"modified":"2025-06-13T11:55:56","modified_gmt":"2025-06-13T08:55:56","slug":"menemende-cocuklar-kanalda-degil-havuzda-yuzecek","status":"publish","type":"post","link":"https:\/\/www.egemtv.com\/?p=34787","title":{"rendered":"Menemen\u2019de \u00e7ocuklar kanalda de\u011fil, havuzda y\u00fczecek"},"content":{"rendered":"<p>Menemen Belediyesi taraf\u0131ndan Asarl\u0131k Gen\u00e7lik Merkezi Tesisleri i\u00e7inde a\u00e7\u0131lan a\u00e7\u0131k ve kapal\u0131 y\u00fczme havuzlar\u0131, gelece\u011fin sporcular\u0131n\u0131 yeti\u015ftiriyor. \u00dccretsiz ve uzman e\u011fitmenlerin g\u00f6zetiminde ger\u00e7ekle\u015ftirilecek yaz kurslar\u0131 i\u00e7in kay\u0131t d\u00f6nemi ba\u015flad\u0131. Menemen Belediye Ba\u015fkan\u0131 Ayd\u0131n Pehlivan, &#8220;Bizlerin \u00e7ocuklu\u011fu d\u00f6neminde hep bir havuzumuz olmamas\u0131n\u0131n eksikli\u011fini ya\u015fad\u0131k. Ben ve akranlar\u0131m y\u00fczmeyi sulama kanallar\u0131nda \u00f6\u011frendik. \u00c7ocuklar\u0131m\u0131z bunu ya\u015famas\u0131n diye ilk projelerimizden biri bu oldu&#8221; dedi.<br \/>\n<br \/>Menemen\u2019de ge\u00e7mi\u015f y\u0131llarda \u00f6nemli bir eksik olarak dikkat \u00e7eken ve Menemen Belediye Ba\u015fkan\u0131 Ayd\u0131n Pehlivan\u2019\u0131n g\u00f6reve geldikten sonra en \u00e7ok \u00f6nem verdi\u011fi projelerden biri olan y\u00fczme havuzlar\u0131, \u00e7ocuklar\u0131n y\u00fcz\u00fcn\u00fc g\u00fcld\u00fcr\u00fcyor. Ge\u00e7ti\u011fimiz y\u0131l Asarl\u0131k Gen\u00e7lik Merkezi Tesisleri i\u00e7inde yer alacak \u015fekilde hem a\u00e7\u0131k a\u00e7\u0131k, hem de kapal\u0131 se\u00e7enekleriyle hizmete giren yar\u0131 olimpik y\u00fczme havuzlar\u0131, yaz tatili boyunca Menemenli \u00e7ocuklar\u0131 \u00fccretsiz kurslarla a\u011f\u0131rlayacak. Uzman e\u011fitmenler g\u00f6zetiminde 2013-2019 y\u0131llar\u0131 aras\u0131nda do\u011fan miniklerin yararlanaca\u011f\u0131 ve s\u0131n\u0131rl\u0131 kontenjan\u0131 bulunan y\u00fczme kursu i\u00e7in son kay\u0131t tarihi ise 20 Haziran olarak a\u00e7\u0131kland\u0131.<\/p>\n<p>&#8220;Menemen\u2019imizde \u00e7ocuklar\u0131m\u0131z kanalda de\u011fil havuzda y\u00fczecek&#8221;<br \/>\n<br \/>Y\u00fczme kursunun \u00f6nemine de\u011finen Menemen Belediye Ba\u015fkan\u0131 Ayd\u0131n Pehlivan, &#8220;Evlatlar\u0131m\u0131z art\u0131k g\u00fcven i\u00e7inde y\u00fczecek&#8221; dedi. Ba\u015fkan Pehlivan, &#8220;Ben ve bir\u00e7ok Menemenli, y\u0131llar boyunca y\u00fczmeyi  havuz olmad\u0131\u011f\u0131 i\u00e7in sulama kanallar\u0131nda \u00f6\u011frendi. Ge\u00e7mi\u015f y\u0131llarda ne yaz\u0131k ki bu kanallarda  vefat eden arkada\u015flar\u0131m\u0131z, karde\u015flerimiz, evlatlar\u0131m\u0131z oldu. Bu nedenle bir daha hi\u00e7bir \u00e7ocu\u011fumuz y\u00fczme \u00f6\u011frenirken burnu dahi kanamas\u0131n diye g\u00f6reve geldikten sonra en \u00f6nem verdi\u011fimiz projelerden biri, il\u00e7emize y\u00fczme havuzlar\u0131 kazand\u0131rmak oldu. Ge\u00e7ti\u011fimiz y\u0131l a\u00e7\u0131l\u0131\u015f\u0131n\u0131 yapt\u0131\u011f\u0131m\u0131z Asarl\u0131k Gen\u00e7lik Merkezimiz i\u00e7inde a\u00e7\u0131k ve kapal\u0131 se\u00e7enekleriyle yar\u0131 olimpik y\u00fczme havuzlar\u0131m\u0131z\u0131 hizmete sunduk. Ailelerimiz delikli kuru\u015f \u00f6demeden, evlatlar\u0131n\u0131 g\u00fcvenle getirip kurslar\u0131m\u0131za yazd\u0131rabilir. Kas geli\u015fimi a\u00e7\u0131s\u0131ndan b\u00fcy\u00fck \u00f6nemi bulunan y\u00fczme kurslar\u0131m\u0131za evlatlar\u0131m\u0131z\u0131 bekliyoruz&#8221; dedi.<br \/><\/p>\n","protected":false},"excerpt":{"rendered":"<p>Menemen Belediyesi taraf\u0131ndan Asarl\u0131k Gen\u00e7lik Merkezi Tesisleri i\u00e7inde a\u00e7\u0131lan a\u00e7\u0131k ve kapal\u0131 y\u00fczme havuzlar\u0131, gelece\u011fin sporcular\u0131n\u0131 yeti\u015ftiriyor. \u00dccretsiz ve uzman e\u011fitmenlerin g\u00f6zetiminde ger\u00e7ekle\u015ftirilecek yaz kurslar\u0131 i\u00e7in kay\u0131t d\u00f6nemi ba\u015flad\u0131. Menemen Belediye Ba\u015fkan\u0131 Ayd\u0131n Pehlivan, &#8220;Bizlerin \u00e7ocuklu\u011fu d\u00f6neminde hep bir havuzumuz olmamas\u0131n\u0131n eksikli\u011fini ya\u015fad\u0131k. Ben ve akranlar\u0131m y\u00fczmeyi sulama kanallar\u0131nda \u00f6\u011frendik. \u00c7ocuklar\u0131m\u0131z bunu ya\u015famas\u0131n diye ilk&#8230;<\/p>\n","protected":false},"author":1,"featured_media":34788,"comment_status":"open","ping_status":"open","sticky":false,"template":"","format":"standard","meta":{"_crdt_document":"","footnotes":""},"categories":[1],"tags":[],"class_list":["post-34787","post","type-post","status-publish","format-standard","has-post-thumbnail","hentry","category-guncel"],"_links":{"self":[{"href":"https:\/\/www.egemtv.com\/index.php?rest_route=\/wp\/v2\/posts\/34787","targetHints":{"allow":["GET"]}}],"collection":[{"href":"https:\/\/www.egemtv.com\/index.php?rest_route=\/wp\/v2\/posts"}],"about":[{"href":"https:\/\/www.egemtv.com\/index.php?rest_route=\/wp\/v2\/types\/post"}],"author":[{"embeddable":true,"href":"https:\/\/www.egemtv.com\/index.php?rest_route=\/wp\/v2\/users\/1"}],"replies":[{"embeddable":true,"href":"https:\/\/www.egemtv.com\/index.php?rest_route=%2Fwp%2Fv2%2Fcomments&post=34787"}],"version-history":[{"count":1,"href":"https:\/\/www.egemtv.com\/index.php?rest_route=\/wp\/v2\/posts\/34787\/revisions"}],"predecessor-version":[{"id":34789,"href":"https:\/\/www.egemtv.com\/index.php?rest_route=\/wp\/v2\/posts\/34787\/revisions\/34789"}],"wp:featuredmedia":[{"embeddable":true,"href":"https:\/\/www.egemtv.com\/index.php?rest_route=\/wp\/v2\/media\/34788"}],"wp:attachment":[{"href":"https:\/\/www.egemtv.com\/index.php?rest_route=%2Fwp%2Fv2%2Fmedia&parent=34787"}],"wp:term":[{"taxonomy":"category","embeddable":true,"href":"https:\/\/www.egemtv.com\/index.php?rest_route=%2Fwp%2Fv2%2Fcategories&post=34787"},{"taxonomy":"post_tag","embeddable":true,"href":"https:\/\/www.egemtv.com\/index.php?rest_route=%2Fwp%2Fv2%2Ftags&post=34787"}],"curies":[{"name":"wp","href":"https:\/\/api.w.org\/{rel}","templated":true}]}}