{"id":34784,"date":"2025-06-13T11:36:37","date_gmt":"2025-06-13T08:36:37","guid":{"rendered":"https:\/\/www.egemtv.com\/?p=34784"},"modified":"2025-06-13T11:36:39","modified_gmt":"2025-06-13T08:36:39","slug":"tavsanlida-motosikletler-carpisti-1-yarali","status":"publish","type":"post","link":"https:\/\/www.egemtv.com\/?p=34784","title":{"rendered":"Tav\u015fanl\u0131\u2019da motosikletler \u00e7arp\u0131\u015ft\u0131, 1 yaral\u0131"},"content":{"rendered":"<p>K\u00fctahya\u2019n\u0131n Tav\u015fanl\u0131 il\u00e7esinde 2 motosikletin \u00e7arp\u0131\u015fmas\u0131 sonucu meydana gelen trafik kazas\u0131nda 1 ki\u015fi yaraland\u0131<br \/>\n<br \/>Edinilen bilgilere g\u00f6re Ha\u015fim Benli Bulvar\u0131 \u00fczerinde seyreden N.E.\u00c7. y\u00f6netimindeki 43 AES 298 plakal\u0131 motosiklet, Karag\u00f6z Ekmek F\u0131r\u0131n\u0131 \u0131\u015f\u0131kl\u0131 kav\u015fa\u011f\u0131 istikametine giderken, Y\u00f6r\u00fckler Sokak Kav\u015fa\u011f\u0131nda K.M.\u2019nin kulland\u0131\u011f\u0131 tescilsiz 3 tekerlekli motosiklet \u00e7arp\u0131\u015ft\u0131. \u00c7arp\u0131\u015fman\u0131n etkisiyle N.E.\u00c7. yere savrularak yaraland\u0131.<br \/>\n<br \/>Kazay\u0131 g\u00f6renlerin ihbar\u0131 \u00fczerine olay yerine 112 Acil Servis ve polis ekipleri sevk edildi. Olay yerine k\u0131sa s\u00fcrede gelen sa\u011fl\u0131k ekipleri, yaralanan motosiklet s\u00fcr\u00fcc\u00fcs\u00fcne ilk m\u00fcdahaleyi yapt\u0131. Yaral\u0131 s\u00fcr\u00fcc\u00fc, ambulansla Tav\u015fanl\u0131 Do\u00e7. Dr. Mustafa Kalemli Devlet Hastanesine kald\u0131r\u0131larak tedavi alt\u0131na al\u0131nd\u0131.<br \/><\/p>\n","protected":false},"excerpt":{"rendered":"<p>K\u00fctahya\u2019n\u0131n Tav\u015fanl\u0131 il\u00e7esinde 2 motosikletin \u00e7arp\u0131\u015fmas\u0131 sonucu meydana gelen trafik kazas\u0131nda 1 ki\u015fi yaraland\u0131 Edinilen bilgilere g\u00f6re Ha\u015fim Benli Bulvar\u0131 \u00fczerinde seyreden N.E.\u00c7. y\u00f6netimindeki 43 AES 298 plakal\u0131 motosiklet, Karag\u00f6z Ekmek F\u0131r\u0131n\u0131 \u0131\u015f\u0131kl\u0131 kav\u015fa\u011f\u0131 istikametine giderken, Y\u00f6r\u00fckler Sokak Kav\u015fa\u011f\u0131nda K.M.\u2019nin kulland\u0131\u011f\u0131 tescilsiz 3 tekerlekli motosiklet \u00e7arp\u0131\u015ft\u0131. \u00c7arp\u0131\u015fman\u0131n etkisiyle N.E.\u00c7. yere savrularak yaraland\u0131. Kazay\u0131 g\u00f6renlerin ihbar\u0131&#8230;<\/p>\n","protected":false},"author":1,"featured_media":34785,"comment_status":"open","ping_status":"open","sticky":false,"template":"","format":"standard","meta":{"_crdt_document":"","footnotes":""},"categories":[5],"tags":[],"class_list":["post-34784","post","type-post","status-publish","format-standard","has-post-thumbnail","hentry","category-asayis"],"_links":{"self":[{"href":"https:\/\/www.egemtv.com\/index.php?rest_route=\/wp\/v2\/posts\/34784","targetHints":{"allow":["GET"]}}],"collection":[{"href":"https:\/\/www.egemtv.com\/index.php?rest_route=\/wp\/v2\/posts"}],"about":[{"href":"https:\/\/www.egemtv.com\/index.php?rest_route=\/wp\/v2\/types\/post"}],"author":[{"embeddable":true,"href":"https:\/\/www.egemtv.com\/index.php?rest_route=\/wp\/v2\/users\/1"}],"replies":[{"embeddable":true,"href":"https:\/\/www.egemtv.com\/index.php?rest_route=%2Fwp%2Fv2%2Fcomments&post=34784"}],"version-history":[{"count":1,"href":"https:\/\/www.egemtv.com\/index.php?rest_route=\/wp\/v2\/posts\/34784\/revisions"}],"predecessor-version":[{"id":34786,"href":"https:\/\/www.egemtv.com\/index.php?rest_route=\/wp\/v2\/posts\/34784\/revisions\/34786"}],"wp:featuredmedia":[{"embeddable":true,"href":"https:\/\/www.egemtv.com\/index.php?rest_route=\/wp\/v2\/media\/34785"}],"wp:attachment":[{"href":"https:\/\/www.egemtv.com\/index.php?rest_route=%2Fwp%2Fv2%2Fmedia&parent=34784"}],"wp:term":[{"taxonomy":"category","embeddable":true,"href":"https:\/\/www.egemtv.com\/index.php?rest_route=%2Fwp%2Fv2%2Fcategories&post=34784"},{"taxonomy":"post_tag","embeddable":true,"href":"https:\/\/www.egemtv.com\/index.php?rest_route=%2Fwp%2Fv2%2Ftags&post=34784"}],"curies":[{"name":"wp","href":"https:\/\/api.w.org\/{rel}","templated":true}]}}