{"id":34781,"date":"2025-06-13T11:36:32","date_gmt":"2025-06-13T08:36:32","guid":{"rendered":"https:\/\/www.egemtv.com\/?p=34781"},"modified":"2025-06-13T11:36:37","modified_gmt":"2025-06-13T08:36:37","slug":"vali-coskun-jandarma-teskilatimiz-hak-ve-ozgurlukler-ile-adaletin-teminati-olmustur","status":"publish","type":"post","link":"https:\/\/www.egemtv.com\/?p=34781","title":{"rendered":"Vali Co\u015fkun, &#8220;Jandarma Te\u015fkilat\u0131m\u0131z hak ve \u00f6zg\u00fcrl\u00fckler ile adaletin teminat\u0131 olmu\u015ftur&#8221;"},"content":{"rendered":"<p>Denizli Valisi \u00d6mer Faruk Co\u015fkun, Jandarma Te\u015fkilat\u0131n\u0131n 186. y\u0131l d\u00f6n\u00fcm\u00fcn\u00fc dolay\u0131s\u0131yla kutlama mesaj\u0131 yay\u0131mlad\u0131.<br \/>\n<br \/>Denizli Valisi \u00d6mer Faruk Co\u015fkun, mesaj\u0131nda, &#8220;Kurulu\u015fundan bu yana yurdumuzun d\u00f6rt bir yan\u0131nda, Aziz Milletimizin huzur ve g\u00fcvenli\u011fini temin etmek i\u00e7in gece g\u00fcnd\u00fcz demeden g\u00f6rev yapan Jandarma Te\u015fkilat\u0131m\u0131z\u0131n 186. kurulu\u015f y\u0131l d\u00f6n\u00fcm\u00fcn\u00fc gururla kutluyoruz.<br \/>\n<br \/>\u00dclkemizin b\u00f6l\u00fcnmez b\u00fct\u00fcnl\u00fc\u011f\u00fcn\u00fcn korunmas\u0131, milletimizin huzur ve g\u00fcvenli\u011finin sa\u011flanmas\u0131 ile kamu d\u00fczeninin tesis edilmesi g\u00f6revlerini \u00f6zveriyle ifa eden Jandarma Te\u015fkilat\u0131m\u0131z;  hak ve \u00f6zg\u00fcrl\u00fckler ile adaletin teminat\u0131 olmu\u015ftur.<br \/>\n<br \/>G\u00fcc\u00fcn\u00fc yasalardan deste\u011fini Aziz Milletimizden alan Jandarma Te\u015fkilat\u0131m\u0131z, Milletimizin esenli\u011fine y\u00f6nelik yapt\u0131\u011f\u0131 hizmetler, disiplinli ve fedak\u00e2r g\u00f6rev anlay\u0131\u015f\u0131yla, insan haklar\u0131na ve demokratik de\u011ferlere ba\u011fl\u0131l\u0131\u011f\u0131 ile de vatanda\u015flar\u0131m\u0131z\u0131n sevgisine ve g\u00fcvenine mazhar olmu\u015ftur.<br \/>\n<br \/>Bu duygu ve d\u00fc\u015f\u00fcncelerle, ilimiz ve \u00fclkemizin d\u00f6rt bir k\u00f6\u015fesinde Aziz Milletimizin huzur ve g\u00fcvenli\u011fi i\u00e7in g\u00f6rev yapan Jandarma Te\u015fkilat\u0131m\u0131z\u0131n 186\u2019nc\u0131 kurulu\u015f y\u0131l d\u00f6n\u00fcm\u00fcn\u00fc kutluyor, ba\u015fta Gazi Mustafa Kemal Atat\u00fcrk olmak \u00fczere Aziz \u015eehitlerimizi ve Kahraman Gazilerimizi rahmet, minnet ve \u015f\u00fckranla y\u00e2d ediyor ve Jandarma te\u015fkilat\u0131m\u0131z\u0131n k\u0131ymetli mensuplar\u0131na sa\u011fl\u0131k, huzur ve afiyet dileklerimi iletirken g\u00f6revlerinde ba\u015far\u0131lar diliyorum&#8221; ifadelerini kulland\u0131.<br \/><\/p>\n","protected":false},"excerpt":{"rendered":"<p>Denizli Valisi \u00d6mer Faruk Co\u015fkun, Jandarma Te\u015fkilat\u0131n\u0131n 186. y\u0131l d\u00f6n\u00fcm\u00fcn\u00fc dolay\u0131s\u0131yla kutlama mesaj\u0131 yay\u0131mlad\u0131. Denizli Valisi \u00d6mer Faruk Co\u015fkun, mesaj\u0131nda, &#8220;Kurulu\u015fundan bu yana yurdumuzun d\u00f6rt bir yan\u0131nda, Aziz Milletimizin huzur ve g\u00fcvenli\u011fini temin etmek i\u00e7in gece g\u00fcnd\u00fcz demeden g\u00f6rev yapan Jandarma Te\u015fkilat\u0131m\u0131z\u0131n 186. kurulu\u015f y\u0131l d\u00f6n\u00fcm\u00fcn\u00fc gururla kutluyoruz. \u00dclkemizin b\u00f6l\u00fcnmez b\u00fct\u00fcnl\u00fc\u011f\u00fcn\u00fcn korunmas\u0131, milletimizin huzur ve&#8230;<\/p>\n","protected":false},"author":1,"featured_media":34782,"comment_status":"open","ping_status":"open","sticky":false,"template":"","format":"standard","meta":{"_crdt_document":"","footnotes":""},"categories":[1],"tags":[],"class_list":["post-34781","post","type-post","status-publish","format-standard","has-post-thumbnail","hentry","category-guncel"],"_links":{"self":[{"href":"https:\/\/www.egemtv.com\/index.php?rest_route=\/wp\/v2\/posts\/34781","targetHints":{"allow":["GET"]}}],"collection":[{"href":"https:\/\/www.egemtv.com\/index.php?rest_route=\/wp\/v2\/posts"}],"about":[{"href":"https:\/\/www.egemtv.com\/index.php?rest_route=\/wp\/v2\/types\/post"}],"author":[{"embeddable":true,"href":"https:\/\/www.egemtv.com\/index.php?rest_route=\/wp\/v2\/users\/1"}],"replies":[{"embeddable":true,"href":"https:\/\/www.egemtv.com\/index.php?rest_route=%2Fwp%2Fv2%2Fcomments&post=34781"}],"version-history":[{"count":1,"href":"https:\/\/www.egemtv.com\/index.php?rest_route=\/wp\/v2\/posts\/34781\/revisions"}],"predecessor-version":[{"id":34783,"href":"https:\/\/www.egemtv.com\/index.php?rest_route=\/wp\/v2\/posts\/34781\/revisions\/34783"}],"wp:featuredmedia":[{"embeddable":true,"href":"https:\/\/www.egemtv.com\/index.php?rest_route=\/wp\/v2\/media\/34782"}],"wp:attachment":[{"href":"https:\/\/www.egemtv.com\/index.php?rest_route=%2Fwp%2Fv2%2Fmedia&parent=34781"}],"wp:term":[{"taxonomy":"category","embeddable":true,"href":"https:\/\/www.egemtv.com\/index.php?rest_route=%2Fwp%2Fv2%2Fcategories&post=34781"},{"taxonomy":"post_tag","embeddable":true,"href":"https:\/\/www.egemtv.com\/index.php?rest_route=%2Fwp%2Fv2%2Ftags&post=34781"}],"curies":[{"name":"wp","href":"https:\/\/api.w.org\/{rel}","templated":true}]}}