{"id":34778,"date":"2025-06-13T11:36:28","date_gmt":"2025-06-13T08:36:28","guid":{"rendered":"https:\/\/www.egemtv.com\/?p=34778"},"modified":"2025-06-13T11:36:32","modified_gmt":"2025-06-13T08:36:32","slug":"kefe-yaylasi-doga-tutkunlarini-bekliyor","status":"publish","type":"post","link":"https:\/\/www.egemtv.com\/?p=34778","title":{"rendered":"Kefe Yaylas\u0131 do\u011fa tutkunlar\u0131n\u0131 bekliyor"},"content":{"rendered":"<p>Denizli\u2019de s\u0131cak havalardan ka\u00e7mak isteyenlerin u\u011frak noktalar\u0131ndan Kefe Yaylas\u0131, 1350 metre rak\u0131m\u0131, temiz havas\u0131 ve do\u011fan\u0131n i\u00e7inde sundu\u011fu e\u015fsiz imkanlar\u0131yla, g\u00fcn\u00fcbirlik ziyaret\u00e7iler, kamp severler ve karavanc\u0131lar\u0131 a\u011f\u0131rl\u0131yor.<br \/>\n<br \/>Serinhisar\u2019\u0131n Yata\u011fan Mahallesi s\u0131n\u0131rlar\u0131nda bulunan Denizli merkeze yakla\u015f\u0131k 50 kilometre uzakl\u0131ktaki Kefe Yaylas\u0131, 300 \u00e7ad\u0131r kapasiteli kamp alan\u0131n\u0131n yan\u0131 s\u0131ra karavan tutkunlar\u0131 i\u00e7in \u00f6zel olarak haz\u0131rlanan konaklama alanlar\u0131yla dikkat \u00e7ekiyor. 171 bin metrekarelik geni\u015f bir alana yay\u0131lan yaylada restoran, b\u00fcfe, manav, \u00e7ay bah\u00e7esi, y\u00f6r\u00fck \u00e7ad\u0131r\u0131, 24 saat s\u0131cak su imkan\u0131, du\u015f, spor ve oyun alanlar\u0131 gibi bir\u00e7ok donat\u0131 bulunuyor. Do\u011fayla ba\u015f ba\u015fa kalmak isteyen ziyaret\u00e7iler i\u00e7in ideal bir ortam sunan Kefe Yaylas\u0131, serin atmosferi ve nefes kesici manzaralar\u0131yla \u015fehir stresinden uzakla\u015fmak isteyenlerin g\u00f6zdesi haline geldi. Sadece Denizli\u2019den de\u011fil, \u00e7evre illerden de \u00e7ok say\u0131da do\u011faseverin u\u011frak noktas\u0131 haline gelen Kefe Yaylas\u0131, \u00f6zellikle karavan\u0131yla \u00f6zg\u00fcrl\u00fc\u011f\u00fcn tad\u0131n\u0131 \u00e7\u0131karmak isteyenler i\u00e7in unutulmaz bir konaklama f\u0131rsat\u0131 sunuyor.<br \/><\/p>\n","protected":false},"excerpt":{"rendered":"<p>Denizli\u2019de s\u0131cak havalardan ka\u00e7mak isteyenlerin u\u011frak noktalar\u0131ndan Kefe Yaylas\u0131, 1350 metre rak\u0131m\u0131, temiz havas\u0131 ve do\u011fan\u0131n i\u00e7inde sundu\u011fu e\u015fsiz imkanlar\u0131yla, g\u00fcn\u00fcbirlik ziyaret\u00e7iler, kamp severler ve karavanc\u0131lar\u0131 a\u011f\u0131rl\u0131yor. Serinhisar\u2019\u0131n Yata\u011fan Mahallesi s\u0131n\u0131rlar\u0131nda bulunan Denizli merkeze yakla\u015f\u0131k 50 kilometre uzakl\u0131ktaki Kefe Yaylas\u0131, 300 \u00e7ad\u0131r kapasiteli kamp alan\u0131n\u0131n yan\u0131 s\u0131ra karavan tutkunlar\u0131 i\u00e7in \u00f6zel olarak haz\u0131rlanan konaklama alanlar\u0131yla&#8230;<\/p>\n","protected":false},"author":1,"featured_media":34779,"comment_status":"open","ping_status":"open","sticky":false,"template":"","format":"standard","meta":{"_crdt_document":"","footnotes":""},"categories":[1],"tags":[],"class_list":["post-34778","post","type-post","status-publish","format-standard","has-post-thumbnail","hentry","category-guncel"],"_links":{"self":[{"href":"https:\/\/www.egemtv.com\/index.php?rest_route=\/wp\/v2\/posts\/34778","targetHints":{"allow":["GET"]}}],"collection":[{"href":"https:\/\/www.egemtv.com\/index.php?rest_route=\/wp\/v2\/posts"}],"about":[{"href":"https:\/\/www.egemtv.com\/index.php?rest_route=\/wp\/v2\/types\/post"}],"author":[{"embeddable":true,"href":"https:\/\/www.egemtv.com\/index.php?rest_route=\/wp\/v2\/users\/1"}],"replies":[{"embeddable":true,"href":"https:\/\/www.egemtv.com\/index.php?rest_route=%2Fwp%2Fv2%2Fcomments&post=34778"}],"version-history":[{"count":1,"href":"https:\/\/www.egemtv.com\/index.php?rest_route=\/wp\/v2\/posts\/34778\/revisions"}],"predecessor-version":[{"id":34780,"href":"https:\/\/www.egemtv.com\/index.php?rest_route=\/wp\/v2\/posts\/34778\/revisions\/34780"}],"wp:featuredmedia":[{"embeddable":true,"href":"https:\/\/www.egemtv.com\/index.php?rest_route=\/wp\/v2\/media\/34779"}],"wp:attachment":[{"href":"https:\/\/www.egemtv.com\/index.php?rest_route=%2Fwp%2Fv2%2Fmedia&parent=34778"}],"wp:term":[{"taxonomy":"category","embeddable":true,"href":"https:\/\/www.egemtv.com\/index.php?rest_route=%2Fwp%2Fv2%2Fcategories&post=34778"},{"taxonomy":"post_tag","embeddable":true,"href":"https:\/\/www.egemtv.com\/index.php?rest_route=%2Fwp%2Fv2%2Ftags&post=34778"}],"curies":[{"name":"wp","href":"https:\/\/api.w.org\/{rel}","templated":true}]}}