{"id":34772,"date":"2025-06-13T11:16:53","date_gmt":"2025-06-13T08:16:53","guid":{"rendered":"https:\/\/www.egemtv.com\/?p=34772"},"modified":"2025-06-13T11:16:57","modified_gmt":"2025-06-13T08:16:57","slug":"afyonkarahisarda-dostluk-semineri-duzenlendi","status":"publish","type":"post","link":"https:\/\/www.egemtv.com\/?p=34772","title":{"rendered":"Afyonkarahisar\u2019da &#8220;Dostluk&#8221; semineri d\u00fczenlendi"},"content":{"rendered":"<p>Afyonkarahisar Denetimli Serbestlik M\u00fcd\u00fcrl\u00fc\u011f\u00fc\u2019nde, y\u00fck\u00fcml\u00fclere y\u00f6nelik anlaml\u0131 bir seminer ger\u00e7ekle\u015ftirildi. \u0130l M\u00fcft\u00fcl\u00fc\u011f\u00fc\u2019nden \u0130l Vaizi Hasan Mara\u015fl\u0131o\u011flu\u2019nun kat\u0131l\u0131m\u0131yla d\u00fczenlenen etkinlikte, &#8220;Dostluk&#8221; konusu ele al\u0131nd\u0131.<br \/>\n<br \/>Seminerde, do\u011fru arkada\u015f se\u00e7iminin \u00f6nemi, dostluklar\u0131n nas\u0131l s\u00fcrd\u00fcr\u00fclebilece\u011fi ve iyi bir dost olman\u0131n gereklilikleri \u00fczerinde duruldu. Mara\u015fl\u0131o\u011flu, y\u00fck\u00fcml\u00fclerin e\u011fitim ve rehabilitasyon s\u00fcrecine katk\u0131 sa\u011flamay\u0131 ama\u00e7layan sunumunda, sa\u011flam dostluklar\u0131n hayat \u00fczerindeki olumlu etkilerine dikkat \u00e7ekti. Afyonkarahisar Denetimli Serbestlik M\u00fcd\u00fcrl\u00fc\u011f\u00fc yetkilileri, bu t\u00fcr sosyal ve e\u011fitsel faaliyetlerin y\u00fck\u00fcml\u00fclerin topluma kazand\u0131r\u0131lmas\u0131 a\u00e7\u0131s\u0131ndan b\u00fcy\u00fck \u00f6nem ta\u015f\u0131d\u0131\u011f\u0131n\u0131 belirtti.<br \/><\/p>\n","protected":false},"excerpt":{"rendered":"<p>Afyonkarahisar Denetimli Serbestlik M\u00fcd\u00fcrl\u00fc\u011f\u00fc\u2019nde, y\u00fck\u00fcml\u00fclere y\u00f6nelik anlaml\u0131 bir seminer ger\u00e7ekle\u015ftirildi. \u0130l M\u00fcft\u00fcl\u00fc\u011f\u00fc\u2019nden \u0130l Vaizi Hasan Mara\u015fl\u0131o\u011flu\u2019nun kat\u0131l\u0131m\u0131yla d\u00fczenlenen etkinlikte, &#8220;Dostluk&#8221; konusu ele al\u0131nd\u0131. Seminerde, do\u011fru arkada\u015f se\u00e7iminin \u00f6nemi, dostluklar\u0131n nas\u0131l s\u00fcrd\u00fcr\u00fclebilece\u011fi ve iyi bir dost olman\u0131n gereklilikleri \u00fczerinde duruldu. Mara\u015fl\u0131o\u011flu, y\u00fck\u00fcml\u00fclerin e\u011fitim ve rehabilitasyon s\u00fcrecine katk\u0131 sa\u011flamay\u0131 ama\u00e7layan sunumunda, sa\u011flam dostluklar\u0131n hayat \u00fczerindeki olumlu etkilerine&#8230;<\/p>\n","protected":false},"author":1,"featured_media":34773,"comment_status":"open","ping_status":"open","sticky":false,"template":"","format":"standard","meta":{"_crdt_document":"","footnotes":""},"categories":[1],"tags":[],"class_list":["post-34772","post","type-post","status-publish","format-standard","has-post-thumbnail","hentry","category-guncel"],"_links":{"self":[{"href":"https:\/\/www.egemtv.com\/index.php?rest_route=\/wp\/v2\/posts\/34772","targetHints":{"allow":["GET"]}}],"collection":[{"href":"https:\/\/www.egemtv.com\/index.php?rest_route=\/wp\/v2\/posts"}],"about":[{"href":"https:\/\/www.egemtv.com\/index.php?rest_route=\/wp\/v2\/types\/post"}],"author":[{"embeddable":true,"href":"https:\/\/www.egemtv.com\/index.php?rest_route=\/wp\/v2\/users\/1"}],"replies":[{"embeddable":true,"href":"https:\/\/www.egemtv.com\/index.php?rest_route=%2Fwp%2Fv2%2Fcomments&post=34772"}],"version-history":[{"count":1,"href":"https:\/\/www.egemtv.com\/index.php?rest_route=\/wp\/v2\/posts\/34772\/revisions"}],"predecessor-version":[{"id":34774,"href":"https:\/\/www.egemtv.com\/index.php?rest_route=\/wp\/v2\/posts\/34772\/revisions\/34774"}],"wp:featuredmedia":[{"embeddable":true,"href":"https:\/\/www.egemtv.com\/index.php?rest_route=\/wp\/v2\/media\/34773"}],"wp:attachment":[{"href":"https:\/\/www.egemtv.com\/index.php?rest_route=%2Fwp%2Fv2%2Fmedia&parent=34772"}],"wp:term":[{"taxonomy":"category","embeddable":true,"href":"https:\/\/www.egemtv.com\/index.php?rest_route=%2Fwp%2Fv2%2Fcategories&post=34772"},{"taxonomy":"post_tag","embeddable":true,"href":"https:\/\/www.egemtv.com\/index.php?rest_route=%2Fwp%2Fv2%2Ftags&post=34772"}],"curies":[{"name":"wp","href":"https:\/\/api.w.org\/{rel}","templated":true}]}}