{"id":34769,"date":"2025-06-13T11:16:48","date_gmt":"2025-06-13T08:16:48","guid":{"rendered":"https:\/\/www.egemtv.com\/?p=34769"},"modified":"2025-06-13T11:16:53","modified_gmt":"2025-06-13T08:16:53","slug":"nazilli-belediyesi-personellerine-indirimli-dil-egitimi-firsati","status":"publish","type":"post","link":"https:\/\/www.egemtv.com\/?p=34769","title":{"rendered":"Nazilli Belediyesi personellerine indirimli dil e\u011fitimi f\u0131rsat\u0131"},"content":{"rendered":"<p>Nazilli Belediyesi ile il\u00e7edeki \u00f6zel bir dil okulu aras\u0131nda E\u011fitim Y\u00f6netimi ve Dan\u0131\u015fmanl\u0131\u011f\u0131 Protokol\u00fc imzaland\u0131.<br \/>\n<br \/>Nazilli Belediyesi ile il\u00e7edeki \u00f6zel bir dil okulu aras\u0131nda imzalanan protokol ile belediye personelleri ile 1. ve 2. dereceden yak\u0131nlar\u0131na sa\u011flanacak e\u011fitim dan\u0131\u015fmanl\u0131klar\u0131nda mevcuttaki liste fiyat\u0131 \u00fczerinden y\u00fczde 30 indirim sa\u011flanacak.<br \/>\n<br \/>Protokol kapsam\u0131nda; YDS, TOEFL, IELST, \u0130ngilizce, \u0130talyanca, Almanca, \u0130spanyolca, Frans\u0131zca, Arap\u00e7a ile rehberlik ve terc\u00fcmanl\u0131k hizmetleri, 5-14 ya\u015f aras\u0131 genel \u0130ngilizce programlar\u0131 ve e\u011fitim dan\u0131\u015fmanl\u0131\u011f\u0131 hizmetlerinde de indirim ge\u00e7erli olacak.<br \/>\n<br \/>Ders kitaplar\u0131, kitaplarla ilgili CD, DVD ve di\u011fer e\u011fitim gere\u00e7leri English Line Dil Okullar\u0131 taraf\u0131ndan temin edilecek.<br \/>\n<br \/>Personeller ve aileleri, Dil Okulu\u2019nda d\u00fczenlenen konu\u015fma kul\u00fcplerine \u00fccretsiz kat\u0131l\u0131m sa\u011flayabilecek ve seviye belirleme s\u0131navlar\u0131ndan da \u00fccretsiz yararlanabilecek.<br \/><\/p>\n","protected":false},"excerpt":{"rendered":"<p>Nazilli Belediyesi ile il\u00e7edeki \u00f6zel bir dil okulu aras\u0131nda E\u011fitim Y\u00f6netimi ve Dan\u0131\u015fmanl\u0131\u011f\u0131 Protokol\u00fc imzaland\u0131. Nazilli Belediyesi ile il\u00e7edeki \u00f6zel bir dil okulu aras\u0131nda imzalanan protokol ile belediye personelleri ile 1. ve 2. dereceden yak\u0131nlar\u0131na sa\u011flanacak e\u011fitim dan\u0131\u015fmanl\u0131klar\u0131nda mevcuttaki liste fiyat\u0131 \u00fczerinden y\u00fczde 30 indirim sa\u011flanacak. Protokol kapsam\u0131nda; YDS, TOEFL, IELST, \u0130ngilizce, \u0130talyanca, Almanca, \u0130spanyolca,&#8230;<\/p>\n","protected":false},"author":1,"featured_media":34770,"comment_status":"open","ping_status":"open","sticky":false,"template":"","format":"standard","meta":{"_crdt_document":"","footnotes":""},"categories":[1],"tags":[],"class_list":["post-34769","post","type-post","status-publish","format-standard","has-post-thumbnail","hentry","category-guncel"],"_links":{"self":[{"href":"https:\/\/www.egemtv.com\/index.php?rest_route=\/wp\/v2\/posts\/34769","targetHints":{"allow":["GET"]}}],"collection":[{"href":"https:\/\/www.egemtv.com\/index.php?rest_route=\/wp\/v2\/posts"}],"about":[{"href":"https:\/\/www.egemtv.com\/index.php?rest_route=\/wp\/v2\/types\/post"}],"author":[{"embeddable":true,"href":"https:\/\/www.egemtv.com\/index.php?rest_route=\/wp\/v2\/users\/1"}],"replies":[{"embeddable":true,"href":"https:\/\/www.egemtv.com\/index.php?rest_route=%2Fwp%2Fv2%2Fcomments&post=34769"}],"version-history":[{"count":1,"href":"https:\/\/www.egemtv.com\/index.php?rest_route=\/wp\/v2\/posts\/34769\/revisions"}],"predecessor-version":[{"id":34771,"href":"https:\/\/www.egemtv.com\/index.php?rest_route=\/wp\/v2\/posts\/34769\/revisions\/34771"}],"wp:featuredmedia":[{"embeddable":true,"href":"https:\/\/www.egemtv.com\/index.php?rest_route=\/wp\/v2\/media\/34770"}],"wp:attachment":[{"href":"https:\/\/www.egemtv.com\/index.php?rest_route=%2Fwp%2Fv2%2Fmedia&parent=34769"}],"wp:term":[{"taxonomy":"category","embeddable":true,"href":"https:\/\/www.egemtv.com\/index.php?rest_route=%2Fwp%2Fv2%2Fcategories&post=34769"},{"taxonomy":"post_tag","embeddable":true,"href":"https:\/\/www.egemtv.com\/index.php?rest_route=%2Fwp%2Fv2%2Ftags&post=34769"}],"curies":[{"name":"wp","href":"https:\/\/api.w.org\/{rel}","templated":true}]}}