{"id":34766,"date":"2025-06-13T11:16:44","date_gmt":"2025-06-13T08:16:44","guid":{"rendered":"https:\/\/www.egemtv.com\/?p=34766"},"modified":"2025-06-13T11:16:48","modified_gmt":"2025-06-13T08:16:48","slug":"cesme-halk-egitim-merkezinden-yil-sonu-sergisi","status":"publish","type":"post","link":"https:\/\/www.egemtv.com\/?p=34766","title":{"rendered":"\u00c7e\u015fme Halk E\u011fitim Merkezi\u2019nden y\u0131l sonu sergisi"},"content":{"rendered":"<p>\u00c7e\u015fme Halk E\u011fitim Merkezi, Hayat Boyu \u00d6\u011frenme Haftas\u0131 etkinlikleri kapsam\u0131nda y\u0131l boyunca a\u00e7t\u0131\u011f\u0131 kurslarda \u00fcretilen eserleri g\u00f6z al\u0131c\u0131 bir sergiyle sanatseverlerin be\u011fenisine sundu. Tarihi Aya Haralambos Kilisesi\u2019nde a\u00e7\u0131lan y\u0131l sonu sergisi, yo\u011fun kat\u0131l\u0131mla ger\u00e7ekle\u015fti ve b\u00fcy\u00fck ilgi g\u00f6rd\u00fc.<br \/>\n<br \/>\u00c7e\u015fme Kent Enstit\u00fcs\u00fc kursiyerlerinin eserlerinin de yer ald\u0131\u011f\u0131 sergide; resim, seramik, k\u00e2\u011f\u0131t r\u00f6lyef, dekoratif sepet \u00f6r\u00fcc\u00fcl\u00fc\u011f\u00fc ve bi\u00e7ki-diki\u015f gibi farkl\u0131 alanlardan y\u00fczlerce el eme\u011fi eser yer ald\u0131. 3 ila 6 ayl\u0131k yo\u011fun bir eme\u011fin \u00fcr\u00fcn\u00fc olan \u00e7al\u0131\u015fmalar, ziyaret\u00e7ilerden tam not ald\u0131.<br \/>\n<br \/>Serginin a\u00e7\u0131l\u0131\u015f\u0131na \u00c7e\u015fme Kaymakam\u0131 Mehmet Mara\u015fl\u0131 ve e\u015fi Arzu G\u00fclery\u00fcz Mara\u015fl\u0131, \u00c7e\u015fme Belediye Ba\u015fkan Yard\u0131mc\u0131s\u0131 Banu Ayhan, \u00c7e\u015fme Halk E\u011fitim Merkezi M\u00fcd\u00fcr\u00fc Ali R\u0131za Do\u011fruyol, \u00c7E\u015eTOB Ba\u015fkan\u0131 Orhan Belge, siyasi parti temsilcileri, kamu kurum y\u00f6neticileri, kursiyerler ve \u00e7ok say\u0131da sanatsever kat\u0131ld\u0131.<br \/>\n<br \/>Protokol \u00fcyelerinin a\u00e7\u0131l\u0131\u015f kurdelesini kesti\u011fi t\u00f6rende, Aya Haralambos Kilisesi\u2019nin tarihi atmosferi sergilenen eserlerle b\u00fct\u00fcnle\u015ferek sanat dolu anlara ev sahipli\u011fi yapt\u0131. A\u00e7\u0131l\u0131\u015f sonras\u0131 kat\u0131l\u0131mc\u0131lar sergiyi gezerek e\u011fitmenlerden bilgi ald\u0131.<\/p>\n<p>&#8220;Kendimi \u0130talya\u2019da gibi hissettim&#8221;<br \/>\n<br \/>Sergi ile ilgili bir a\u00e7\u0131klama yapan \u00c7e\u015fme Halk E\u011fitim M\u00fcd\u00fcr\u00fc Ali R\u0131za Do\u011fruyol, kursiyerlerin ortaya koydu\u011fu eserlerin niteli\u011fine dikkat \u00e7ekerek \u015fu ifadeleri kulland\u0131: &#8220;Sergi ger\u00e7ekten \u00e7ok ba\u015far\u0131l\u0131 olmu\u015f. Kendimi bir anda \u0130talya\u2019da bir sanat galerisinde hissettim. Sergilenen i\u015fler, amat\u00f6r kursiyerlerin de\u011fil, adeta profesyonel sanat\u00e7\u0131lar\u0131n eserleri gibiydi. B\u00fcy\u00fck emekle haz\u0131rlanm\u0131\u015f bu \u00e7al\u0131\u015fmalarla gurur duyuyoruz.&#8221;<br \/>\n<br \/>Do\u011fruyol, Halk E\u011fitim Merkezleri\u2019nin sundu\u011fu olanaklara da de\u011finerek, her ya\u015ftan vatanda\u015f\u0131 bu imk\u00e2nlardan faydalanmaya davet etti. Do\u011fruyol, &#8220;Ka\u00e7 ya\u015f\u0131nda olursan\u0131z olun, gelin bize. Sizin yetenek r\u00f6ntgeninizi \u00e7eker, hangi alanda g\u00fc\u00e7l\u00fc oldu\u011funuzu birlikte ke\u015ffederiz. \u0130nsanlara kendilerini yeniden tan\u0131ma, bast\u0131r\u0131lm\u0131\u015f y\u00f6nlerini ortaya \u00e7\u0131karma ve geli\u015ftirme f\u0131rsat\u0131 sunuyoruz&#8221; dedi.<br \/>\n<br \/>Etkinlikte, kursiyerlerin el eme\u011fiyle haz\u0131rlad\u0131\u011f\u0131 \u00f6zel tasar\u0131m ah\u015fap boyama tepsiler, protokol \u00fcyelerine ve bas\u0131n mensuplar\u0131na hediye edildi.<br \/><\/p>\n","protected":false},"excerpt":{"rendered":"<p>\u00c7e\u015fme Halk E\u011fitim Merkezi, Hayat Boyu \u00d6\u011frenme Haftas\u0131 etkinlikleri kapsam\u0131nda y\u0131l boyunca a\u00e7t\u0131\u011f\u0131 kurslarda \u00fcretilen eserleri g\u00f6z al\u0131c\u0131 bir sergiyle sanatseverlerin be\u011fenisine sundu. Tarihi Aya Haralambos Kilisesi\u2019nde a\u00e7\u0131lan y\u0131l sonu sergisi, yo\u011fun kat\u0131l\u0131mla ger\u00e7ekle\u015fti ve b\u00fcy\u00fck ilgi g\u00f6rd\u00fc. \u00c7e\u015fme Kent Enstit\u00fcs\u00fc kursiyerlerinin eserlerinin de yer ald\u0131\u011f\u0131 sergide; resim, seramik, k\u00e2\u011f\u0131t r\u00f6lyef, dekoratif sepet \u00f6r\u00fcc\u00fcl\u00fc\u011f\u00fc ve&#8230;<\/p>\n","protected":false},"author":1,"featured_media":34767,"comment_status":"open","ping_status":"open","sticky":false,"template":"","format":"standard","meta":{"_crdt_document":"","footnotes":""},"categories":[1],"tags":[],"class_list":["post-34766","post","type-post","status-publish","format-standard","has-post-thumbnail","hentry","category-guncel"],"_links":{"self":[{"href":"https:\/\/www.egemtv.com\/index.php?rest_route=\/wp\/v2\/posts\/34766","targetHints":{"allow":["GET"]}}],"collection":[{"href":"https:\/\/www.egemtv.com\/index.php?rest_route=\/wp\/v2\/posts"}],"about":[{"href":"https:\/\/www.egemtv.com\/index.php?rest_route=\/wp\/v2\/types\/post"}],"author":[{"embeddable":true,"href":"https:\/\/www.egemtv.com\/index.php?rest_route=\/wp\/v2\/users\/1"}],"replies":[{"embeddable":true,"href":"https:\/\/www.egemtv.com\/index.php?rest_route=%2Fwp%2Fv2%2Fcomments&post=34766"}],"version-history":[{"count":1,"href":"https:\/\/www.egemtv.com\/index.php?rest_route=\/wp\/v2\/posts\/34766\/revisions"}],"predecessor-version":[{"id":34768,"href":"https:\/\/www.egemtv.com\/index.php?rest_route=\/wp\/v2\/posts\/34766\/revisions\/34768"}],"wp:featuredmedia":[{"embeddable":true,"href":"https:\/\/www.egemtv.com\/index.php?rest_route=\/wp\/v2\/media\/34767"}],"wp:attachment":[{"href":"https:\/\/www.egemtv.com\/index.php?rest_route=%2Fwp%2Fv2%2Fmedia&parent=34766"}],"wp:term":[{"taxonomy":"category","embeddable":true,"href":"https:\/\/www.egemtv.com\/index.php?rest_route=%2Fwp%2Fv2%2Fcategories&post=34766"},{"taxonomy":"post_tag","embeddable":true,"href":"https:\/\/www.egemtv.com\/index.php?rest_route=%2Fwp%2Fv2%2Ftags&post=34766"}],"curies":[{"name":"wp","href":"https:\/\/api.w.org\/{rel}","templated":true}]}}