{"id":34760,"date":"2025-06-13T11:16:35","date_gmt":"2025-06-13T08:16:35","guid":{"rendered":"https:\/\/www.egemtv.com\/?p=34760"},"modified":"2025-06-13T11:16:39","modified_gmt":"2025-06-13T08:16:39","slug":"cesmede-minik-eller-surdurulebilir-sanatla-bulustu","status":"publish","type":"post","link":"https:\/\/www.egemtv.com\/?p=34760","title":{"rendered":"\u00c7e\u015fme\u2019de minik eller, s\u00fcrd\u00fcr\u00fclebilir sanatla bulu\u015ftu"},"content":{"rendered":"<p>\u00c7e\u015fme\u2019de, \u00e7evresel fark\u0131ndal\u0131k ve sanat\u0131n g\u00fcc\u00fcn\u00fc bir araya getiren anlaml\u0131 bir projeye imza at\u0131ld\u0131. \u00c7e\u015fme Kent Konseyi Ekoloji ve \u00c7evresel S\u00fcrd\u00fcr\u00fclebilirlik Komitesi ile \u00c7e\u015fme \u0130l\u00e7e Milli E\u011fitim M\u00fcd\u00fcrl\u00fc\u011f\u00fc i\u015f birli\u011finde y\u00fcr\u00fct\u00fclen &#8220;Gelece\u011fin S\u00fcrd\u00fcr\u00fclebilirlik Liderlerini Yeti\u015ftiriyoruz&#8221; projesi kapsam\u0131nda, \u00f6\u011frenciler hem do\u011fay\u0131 koruman\u0131n \u00f6nemini \u00f6\u011frendi hem de yenilik\u00e7i sanat \u00e7al\u0131\u015fmalar\u0131na imza att\u0131. Proje kapsam\u0131nda \u00fcretilen eserler, D\u00fcnya \u00c7evre Haftas\u0131 etkinlikleri kapsam\u0131nda \u00c7e\u015fme Cumhuriyet Meydan\u0131\u2019nda sergilendi.<br \/>\n<br \/>Projenin \u00f6nemli aya\u011f\u0131n\u0131 olu\u015fturan &#8220;Sonsuz Sanat: At\u0131klar\u0131n D\u00f6n\u00fc\u015f\u00fcm\u00fcyle Sanat ve S\u00fcrd\u00fcr\u00fclebilirlik At\u00f6lyesi&#8221;, \u00f6d\u00fcll\u00fc seramik sanat\u00e7\u0131s\u0131 ve sanat \u00f6\u011fretmeni Ne\u015fe Bengisu taraf\u0131ndan y\u00fcr\u00fct\u00fcld\u00fc. Gazi \u0130lkokulu ve 15 Eyl\u00fcl Mustafa \u00c7apkan \u0130lkokulu \u00f6\u011frencileriyle ger\u00e7ekle\u015ftirilen yedi ayr\u0131 at\u00f6lye \u00e7al\u0131\u015fmas\u0131nda, \u00e7ocuklar g\u00fcnl\u00fck hayatta \u00e7\u00f6p olarak g\u00f6r\u00fclen materyalleri sanatsal \u00fcretime d\u00f6n\u00fc\u015ft\u00fcrd\u00fc.<br \/>\n<br \/>Ne\u015fe Bengisu, at\u00f6lye sunumlar\u0131nda at\u0131k y\u00f6netimi, ileri d\u00f6n\u00fc\u015f\u00fcm (upcycling) ve s\u00fcrd\u00fcr\u00fclebilir ya\u015fam gibi kavramlar\u0131 \u00f6\u011frencilerle payla\u015farak, milyonlarca ton at\u0131\u011f\u0131n do\u011faya zarar vermeden nas\u0131l yeniden de\u011ferlendirilebilece\u011fini anlatt\u0131. Bengisu, &#8220;At\u0131k olarak g\u00f6r\u00fclen her malzeme, do\u011fru yakla\u015f\u0131mla yeniden kullan\u0131labilir ve sanatsal bir forma b\u00fcr\u00fcnebilir,&#8221; dedi.<br \/>\n<br \/>At\u00f6lye \u00e7al\u0131\u015fmalar\u0131nda kullan\u0131lan malzemeler, at\u0131k stat\u00fcs\u00fcndeki \u00fcr\u00fcnlerden se\u00e7ildi ve bu malzemelerle yap\u0131lan eserler, at\u0131k azalt\u0131m\u0131, s\u00fcrd\u00fcr\u00fclebilir malzeme kullan\u0131m\u0131 ve sanat yoluyla fark\u0131ndal\u0131k yaratma hedefleriyle birer \u00e7evre mesaj\u0131na d\u00f6n\u00fc\u015ft\u00fc.<br \/><\/p>\n","protected":false},"excerpt":{"rendered":"<p>\u00c7e\u015fme\u2019de, \u00e7evresel fark\u0131ndal\u0131k ve sanat\u0131n g\u00fcc\u00fcn\u00fc bir araya getiren anlaml\u0131 bir projeye imza at\u0131ld\u0131. \u00c7e\u015fme Kent Konseyi Ekoloji ve \u00c7evresel S\u00fcrd\u00fcr\u00fclebilirlik Komitesi ile \u00c7e\u015fme \u0130l\u00e7e Milli E\u011fitim M\u00fcd\u00fcrl\u00fc\u011f\u00fc i\u015f birli\u011finde y\u00fcr\u00fct\u00fclen &#8220;Gelece\u011fin S\u00fcrd\u00fcr\u00fclebilirlik Liderlerini Yeti\u015ftiriyoruz&#8221; projesi kapsam\u0131nda, \u00f6\u011frenciler hem do\u011fay\u0131 koruman\u0131n \u00f6nemini \u00f6\u011frendi hem de yenilik\u00e7i sanat \u00e7al\u0131\u015fmalar\u0131na imza att\u0131. Proje kapsam\u0131nda \u00fcretilen eserler, D\u00fcnya&#8230;<\/p>\n","protected":false},"author":1,"featured_media":34761,"comment_status":"open","ping_status":"open","sticky":false,"template":"","format":"standard","meta":{"_crdt_document":"","footnotes":""},"categories":[1],"tags":[],"class_list":["post-34760","post","type-post","status-publish","format-standard","has-post-thumbnail","hentry","category-guncel"],"_links":{"self":[{"href":"https:\/\/www.egemtv.com\/index.php?rest_route=\/wp\/v2\/posts\/34760","targetHints":{"allow":["GET"]}}],"collection":[{"href":"https:\/\/www.egemtv.com\/index.php?rest_route=\/wp\/v2\/posts"}],"about":[{"href":"https:\/\/www.egemtv.com\/index.php?rest_route=\/wp\/v2\/types\/post"}],"author":[{"embeddable":true,"href":"https:\/\/www.egemtv.com\/index.php?rest_route=\/wp\/v2\/users\/1"}],"replies":[{"embeddable":true,"href":"https:\/\/www.egemtv.com\/index.php?rest_route=%2Fwp%2Fv2%2Fcomments&post=34760"}],"version-history":[{"count":1,"href":"https:\/\/www.egemtv.com\/index.php?rest_route=\/wp\/v2\/posts\/34760\/revisions"}],"predecessor-version":[{"id":34762,"href":"https:\/\/www.egemtv.com\/index.php?rest_route=\/wp\/v2\/posts\/34760\/revisions\/34762"}],"wp:featuredmedia":[{"embeddable":true,"href":"https:\/\/www.egemtv.com\/index.php?rest_route=\/wp\/v2\/media\/34761"}],"wp:attachment":[{"href":"https:\/\/www.egemtv.com\/index.php?rest_route=%2Fwp%2Fv2%2Fmedia&parent=34760"}],"wp:term":[{"taxonomy":"category","embeddable":true,"href":"https:\/\/www.egemtv.com\/index.php?rest_route=%2Fwp%2Fv2%2Fcategories&post=34760"},{"taxonomy":"post_tag","embeddable":true,"href":"https:\/\/www.egemtv.com\/index.php?rest_route=%2Fwp%2Fv2%2Ftags&post=34760"}],"curies":[{"name":"wp","href":"https:\/\/api.w.org\/{rel}","templated":true}]}}