{"id":34754,"date":"2025-06-13T11:16:29","date_gmt":"2025-06-13T08:16:29","guid":{"rendered":"https:\/\/www.egemtv.com\/?p=34754"},"modified":"2025-06-13T11:16:33","modified_gmt":"2025-06-13T08:16:33","slug":"cocuklarda-bagisiklik-sistemini-gelistirmenin-7-altin-oneri","status":"publish","type":"post","link":"https:\/\/www.egemtv.com\/?p=34754","title":{"rendered":"\u00c7ocuklarda ba\u011fi\u015fiklik sistemini geli\u015ftirmenin 7 altin \u00f6neri"},"content":{"rendered":"<p>Medicana Sa\u011fl\u0131k Grubu \u00c7ocuk Sa\u011fl\u0131\u011f\u0131 ve Hastal\u0131klar\u0131 B\u00f6l\u00fcm\u00fc\u2019nden Uzm. Dr. \u00d6zge Yendur, anne s\u00fct\u00fc, a\u015f\u0131lar ve do\u011fru \u00e7evresel fakt\u00f6rlerin ba\u011f\u0131\u015f\u0131kl\u0131k sisteminin sa\u011flam temeller atmas\u0131nda b\u00fcy\u00fck rol oynad\u0131\u011f\u0131n\u0131 belirterek, ebeveynlere \u00e7ocuklar\u0131n ba\u011f\u0131\u015f\u0131kl\u0131\u011f\u0131n\u0131 g\u00fc\u00e7lendirmek i\u00e7in uygulanabilecek 7 \u00f6neriyi payla\u015ft\u0131.<br \/>\n<br \/>Medicana International \u0130zmir Hastanesi \u00c7ocuk Sa\u011fl\u0131\u011f\u0131 ve Hastal\u0131klar\u0131 Uzman\u0131 Dr. \u00d6zge Yendur, yeni do\u011fan bebeklerin ba\u011f\u0131\u015f\u0131kl\u0131k sisteminin hen\u00fcz tam olgunla\u015fmad\u0131\u011f\u0131n\u0131 belirterek, &#8220;Yeni do\u011fan bir bebe\u011fin ba\u011f\u0131\u015f\u0131kl\u0131k sistemi hen\u00fcz tam geli\u015fmemi\u015ftir. Ancak hem anne s\u00fct\u00fc hem de zamanla kazan\u0131lan ba\u011f\u0131\u015f\u0131kl\u0131k sayesinde \u00e7ocuk, \u00e7evresel etkenlere kar\u015f\u0131 daha diren\u00e7li hale gelir&#8221; dedi. Anne s\u00fct\u00fcn\u00fcn sadece beslenme de\u011fil, ba\u011f\u0131\u015f\u0131kl\u0131k kazand\u0131rma a\u00e7\u0131s\u0131ndan da benzersiz bir \u00f6neme sahip oldu\u011funu s\u00f6yleyen Uzm. Dr. \u00d6zge Yendur, \u00f6zellikle ilk 6 ay yaln\u0131zca anne s\u00fct\u00fc verilmesinin alt\u0131n\u0131 \u00e7izerek, &#8220;Anne s\u00fct\u00fc, \u00e7ocu\u011fun erken d\u00f6nemde enfeksiyonlara kar\u015f\u0131 korunmas\u0131nda en g\u00fc\u00e7l\u00fc kalkanlardan biridir&#8221; ifadesini kulland\u0131. Rutin \u00e7ocukluk \u00e7a\u011f\u0131 a\u015f\u0131lar\u0131n\u0131n ba\u011f\u0131\u015f\u0131kl\u0131k sistemine zarars\u0131z mikroorganizmalarla kar\u015f\u0131la\u015fma imk\u00e2n\u0131 sa\u011flayarak korunma becerisi kazand\u0131rd\u0131\u011f\u0131n\u0131 hat\u0131rlatan Uzm. Dr. \u00d6zge Yendur, &#8220;A\u015f\u0131, ba\u011f\u0131\u015f\u0131kl\u0131k sistemine \u00f6nceden yol g\u00f6stermektir. A\u015f\u0131 takvimine eksiksiz uyulmas\u0131, \u00e7ocuklar\u0131n g\u00fc\u00e7l\u00fc bir ba\u011f\u0131\u015f\u0131kl\u0131k sistemine sahip olmas\u0131 i\u00e7in hayati \u00f6nem ta\u015f\u0131maktad\u0131r&#8221; diye konu\u015ftu.<\/p>\n<p>Bu \u00f6nerilere dikkat<br \/>\n<br \/>Ebeveynlerin s\u0131k\u00e7a dile getirdi\u011fi &#8220;\u00c7ocu\u011fum bu y\u0131l birka\u00e7 kez ate\u015flendi, ba\u011f\u0131\u015f\u0131kl\u0131\u011f\u0131 m\u0131 zay\u0131f&#8221; endi\u015fesinin \u00e7o\u011fu zaman yersiz oldu\u011funu s\u00f6yleyen Uzm. Dr. \u00d6zge Yendur, &#8220;Okul \u00e7a\u011f\u0131na kadar \u00e7ocuklar\u0131n y\u0131lda birka\u00e7 kez viral enfeksiyon ge\u00e7irmesi normaldir. Bu, ba\u011f\u0131\u015f\u0131kl\u0131k sisteminin geli\u015fim s\u00fcrecinin do\u011fal bir par\u00e7as\u0131d\u0131r. As\u0131l dikkat edilmesi gereken enfeksiyonlar\u0131n \u00e7ok a\u011f\u0131r seyretmesi veya uzun s\u00fcrmesidir&#8221; a\u00e7\u0131klamas\u0131nda bulundu. Uzm. Dr. \u00d6zge Yendur, \u00e7ocuklarda ba\u011f\u0131\u015f\u0131kl\u0131\u011f\u0131 g\u00fc\u00e7lendirmek i\u00e7in 7 temel \u00f6neri \u015f\u00f6yle s\u0131ralad\u0131: &#8220;Mevsim sebzeleri ve taze meyvelerle dengeli beslenilmeli. Ya\u015fa uygun d\u00fczenli uykuya dikkat edilmeli. Temiz hava ve g\u00fcne\u015f \u0131\u015f\u0131\u011f\u0131ndan faydalan\u0131lmal\u0131. Fiziksel aktivite ve oyun al\u0131\u015fkanl\u0131\u011f\u0131 kazand\u0131r\u0131lmal\u0131. \u00c7ocuk stresten uzak, sevgi dolu bir ortamda b\u00fcy\u00fct\u00fclmeli. Aileler, gereksiz antibiyotik kullan\u0131m\u0131ndan ka\u00e7\u0131nmal\u0131. A\u015f\u0131r\u0131 hijyenden ka\u00e7\u0131narak do\u011fal ba\u011f\u0131\u015f\u0131kl\u0131k desteklenmeli.&#8221;<\/p>\n<p>Mikroplarla tan\u0131\u015fmak da geli\u015fimin par\u00e7as\u0131<br \/>\n<br \/>\u00c7ocuklar\u0131n kontroll\u00fc \u015fekilde do\u011fayla temas etmesinin ve steril olmayan ortamlarda bulunmas\u0131n\u0131n ba\u011f\u0131\u015f\u0131kl\u0131k e\u011fitimi a\u00e7\u0131s\u0131ndan \u00f6nemli oldu\u011funu ifade eden Uzm. Dr. \u00d6zge Yendur, &#8220;\u00c7ocuklar\u0131n parkta oynamas\u0131, do\u011fayla temas etmesi ba\u011f\u0131\u015f\u0131kl\u0131k a\u00e7\u0131s\u0131ndan faydal\u0131d\u0131r. Elbette temel hijyen kurallar\u0131na dikkat ederek. Ebeveynler zaman zaman a\u015f\u0131r\u0131 koruyucu davranabiliyor. Ancak mikroplarla do\u011fru dozda tan\u0131\u015fmak, ba\u011f\u0131\u015f\u0131kl\u0131k sistemini g\u00fc\u00e7lendiren \u00f6nemli bir unsurdur&#8221; ifadelerini kulland\u0131. Son olarak ba\u011f\u0131\u015f\u0131kl\u0131k sisteminin sadece hastal\u0131klara kar\u015f\u0131 savunma de\u011fil, ayn\u0131 zamanda bedenin mikrobiyota dengesini koruma g\u00f6revini \u00fcstlendi\u011fini vurgulayan Uzm. Dr. \u00d6zge Yendur s\u00f6zlerini \u015f\u00f6yle tamamlad\u0131: &#8220;Ya\u015fam\u0131n s\u0131rlar\u0131ndan biri, ba\u011f\u0131\u015f\u0131kl\u0131k sistemimizi hem hastal\u0131klara kar\u015f\u0131 diren\u00e7li k\u0131lacak hem de mikrobiyotam\u0131z\u0131 destekleyecek \u015fekilde mikroplarla do\u011fru dozda tan\u0131\u015ft\u0131rmay\u0131 ba\u015farmakt\u0131r.&#8221;<br \/><\/p>\n","protected":false},"excerpt":{"rendered":"<p>Medicana Sa\u011fl\u0131k Grubu \u00c7ocuk Sa\u011fl\u0131\u011f\u0131 ve Hastal\u0131klar\u0131 B\u00f6l\u00fcm\u00fc\u2019nden Uzm. Dr. \u00d6zge Yendur, anne s\u00fct\u00fc, a\u015f\u0131lar ve do\u011fru \u00e7evresel fakt\u00f6rlerin ba\u011f\u0131\u015f\u0131kl\u0131k sisteminin sa\u011flam temeller atmas\u0131nda b\u00fcy\u00fck rol oynad\u0131\u011f\u0131n\u0131 belirterek, ebeveynlere \u00e7ocuklar\u0131n ba\u011f\u0131\u015f\u0131kl\u0131\u011f\u0131n\u0131 g\u00fc\u00e7lendirmek i\u00e7in uygulanabilecek 7 \u00f6neriyi payla\u015ft\u0131. Medicana International \u0130zmir Hastanesi \u00c7ocuk Sa\u011fl\u0131\u011f\u0131 ve Hastal\u0131klar\u0131 Uzman\u0131 Dr. \u00d6zge Yendur, yeni do\u011fan bebeklerin ba\u011f\u0131\u015f\u0131kl\u0131k sisteminin hen\u00fcz&#8230;<\/p>\n","protected":false},"author":1,"featured_media":34755,"comment_status":"open","ping_status":"open","sticky":false,"template":"","format":"standard","meta":{"_crdt_document":"","footnotes":""},"categories":[2],"tags":[],"class_list":["post-34754","post","type-post","status-publish","format-standard","has-post-thumbnail","hentry","category-saglik"],"_links":{"self":[{"href":"https:\/\/www.egemtv.com\/index.php?rest_route=\/wp\/v2\/posts\/34754","targetHints":{"allow":["GET"]}}],"collection":[{"href":"https:\/\/www.egemtv.com\/index.php?rest_route=\/wp\/v2\/posts"}],"about":[{"href":"https:\/\/www.egemtv.com\/index.php?rest_route=\/wp\/v2\/types\/post"}],"author":[{"embeddable":true,"href":"https:\/\/www.egemtv.com\/index.php?rest_route=\/wp\/v2\/users\/1"}],"replies":[{"embeddable":true,"href":"https:\/\/www.egemtv.com\/index.php?rest_route=%2Fwp%2Fv2%2Fcomments&post=34754"}],"version-history":[{"count":1,"href":"https:\/\/www.egemtv.com\/index.php?rest_route=\/wp\/v2\/posts\/34754\/revisions"}],"predecessor-version":[{"id":34756,"href":"https:\/\/www.egemtv.com\/index.php?rest_route=\/wp\/v2\/posts\/34754\/revisions\/34756"}],"wp:featuredmedia":[{"embeddable":true,"href":"https:\/\/www.egemtv.com\/index.php?rest_route=\/wp\/v2\/media\/34755"}],"wp:attachment":[{"href":"https:\/\/www.egemtv.com\/index.php?rest_route=%2Fwp%2Fv2%2Fmedia&parent=34754"}],"wp:term":[{"taxonomy":"category","embeddable":true,"href":"https:\/\/www.egemtv.com\/index.php?rest_route=%2Fwp%2Fv2%2Fcategories&post=34754"},{"taxonomy":"post_tag","embeddable":true,"href":"https:\/\/www.egemtv.com\/index.php?rest_route=%2Fwp%2Fv2%2Ftags&post=34754"}],"curies":[{"name":"wp","href":"https:\/\/api.w.org\/{rel}","templated":true}]}}