{"id":34751,"date":"2025-06-13T11:16:24","date_gmt":"2025-06-13T08:16:24","guid":{"rendered":"https:\/\/www.egemtv.com\/?p=34751"},"modified":"2025-06-13T11:16:29","modified_gmt":"2025-06-13T08:16:29","slug":"aliagada-yaz-donemi-yuzme-kurslari-basvurulari-basliyor","status":"publish","type":"post","link":"https:\/\/www.egemtv.com\/?p=34751","title":{"rendered":"Alia\u011fa\u2019da yaz d\u00f6nemi y\u00fczme kurslar\u0131 ba\u015fvurular\u0131 ba\u015fl\u0131yor"},"content":{"rendered":"<p>Alia\u011fa Gen\u00e7lik Merkezi (AGM) ile Alia\u011fa Spor ve Ya\u015fam Merkezi\u2019nde (AYM) d\u00fczenlenecek olan yaz d\u00f6nemi y\u00fczme kurslar\u0131 i\u00e7in ba\u015fvurular 17 Haziran 2025 Sal\u0131 g\u00fcn\u00fc saat 09.00 itibar\u0131yla ba\u015fl\u0131yor.<br \/>\n<br \/>Alia\u011fa Belediyesi, \u00e7ocuklar\u0131n yaz tatilini hem verimli hem de sa\u011fl\u0131kl\u0131 bir \u015fekilde de\u011ferlendirebilmeleri i\u00e7in sportif faaliyetlere bu y\u0131l da h\u0131z kesmeden devam ediyor. Bu kapsamda, Alia\u011fa Gen\u00e7lik Merkezi (AGM) ile Alia\u011fa Spor ve Ya\u015fam Merkezi\u2019nde (AYM) d\u00fczenlenecek olan yaz d\u00f6nemi y\u00fczme kurslar\u0131 i\u00e7in ba\u015fvurular 17 Haziran 2025 Sal\u0131 g\u00fcn\u00fc saat 09.00 itibar\u0131yla ba\u015fl\u0131yor. Alia\u011fa Belediyesi taraf\u0131ndan her y\u0131l d\u00fczenlenen y\u00fczme kurslar\u0131, \u00e7ocuklar\u0131n fiziksel geli\u015fimlerini desteklemenin yan\u0131 s\u0131ra sosyal becerilerini geli\u015ftirmeyi de hedefliyor.<br \/>\n<br \/>Yar\u0131 olimpik kapal\u0131 y\u00fczme havuzunda, alan\u0131nda deneyimli e\u011fitmenler e\u015fli\u011finde ger\u00e7ekle\u015ftirilecek kurslarda \u00e7ocuklara \u00f6ncelikle temel y\u00fczme e\u011fitimi verilecek. E\u011fitimin devam\u0131nda ise farkl\u0131 y\u00fczme teknikleri \u00f6\u011fretilerek \u00e7ocuklar\u0131n y\u00fczme becerilerinin art\u0131r\u0131lmas\u0131 ama\u00e7lan\u0131yor.<br \/>\n<br \/>Kontenjanla s\u0131n\u0131rl\u0131 olan y\u00fczme kurslar\u0131na kat\u0131l\u0131m i\u00e7in ya\u015f gruplar\u0131 ise merkezlere g\u00f6re farkl\u0131l\u0131k g\u00f6steriyor. AGM\u2019de d\u00fczenlenecek kurslara 5-14 ya\u015f aral\u0131\u011f\u0131ndaki \u00e7ocuklar ba\u015fvurabilecek. Detayl\u0131 bilgi almak isteyen vatanda\u015flar, Alia\u011fa Gen\u00e7lik Merkezi\u2019ne 0 (232) 616 70 71 numaral\u0131 telefondan ula\u015fabilirler.<br \/>\n<br \/>AYM b\u00fcnyesinde d\u00fczenlenecek y\u00fczme kurslar\u0131na ise 4-14 ya\u015f aral\u0131\u011f\u0131ndaki \u00e7ocuklar kabul edilecek. AYM kurslar\u0131 hakk\u0131nda bilgi almak isteyenler, 0 (232) 399 00 00 numaral\u0131 telefondan dahili 3200\u2019\u00fc arayarak detayl\u0131 bilgi edinebilirler.<br \/><\/p>\n","protected":false},"excerpt":{"rendered":"<p>Alia\u011fa Gen\u00e7lik Merkezi (AGM) ile Alia\u011fa Spor ve Ya\u015fam Merkezi\u2019nde (AYM) d\u00fczenlenecek olan yaz d\u00f6nemi y\u00fczme kurslar\u0131 i\u00e7in ba\u015fvurular 17 Haziran 2025 Sal\u0131 g\u00fcn\u00fc saat 09.00 itibar\u0131yla ba\u015fl\u0131yor. Alia\u011fa Belediyesi, \u00e7ocuklar\u0131n yaz tatilini hem verimli hem de sa\u011fl\u0131kl\u0131 bir \u015fekilde de\u011ferlendirebilmeleri i\u00e7in sportif faaliyetlere bu y\u0131l da h\u0131z kesmeden devam ediyor. Bu kapsamda, Alia\u011fa Gen\u00e7lik&#8230;<\/p>\n","protected":false},"author":1,"featured_media":34752,"comment_status":"open","ping_status":"open","sticky":false,"template":"","format":"standard","meta":{"_crdt_document":"","footnotes":""},"categories":[1],"tags":[],"class_list":["post-34751","post","type-post","status-publish","format-standard","has-post-thumbnail","hentry","category-guncel"],"_links":{"self":[{"href":"https:\/\/www.egemtv.com\/index.php?rest_route=\/wp\/v2\/posts\/34751","targetHints":{"allow":["GET"]}}],"collection":[{"href":"https:\/\/www.egemtv.com\/index.php?rest_route=\/wp\/v2\/posts"}],"about":[{"href":"https:\/\/www.egemtv.com\/index.php?rest_route=\/wp\/v2\/types\/post"}],"author":[{"embeddable":true,"href":"https:\/\/www.egemtv.com\/index.php?rest_route=\/wp\/v2\/users\/1"}],"replies":[{"embeddable":true,"href":"https:\/\/www.egemtv.com\/index.php?rest_route=%2Fwp%2Fv2%2Fcomments&post=34751"}],"version-history":[{"count":1,"href":"https:\/\/www.egemtv.com\/index.php?rest_route=\/wp\/v2\/posts\/34751\/revisions"}],"predecessor-version":[{"id":34753,"href":"https:\/\/www.egemtv.com\/index.php?rest_route=\/wp\/v2\/posts\/34751\/revisions\/34753"}],"wp:featuredmedia":[{"embeddable":true,"href":"https:\/\/www.egemtv.com\/index.php?rest_route=\/wp\/v2\/media\/34752"}],"wp:attachment":[{"href":"https:\/\/www.egemtv.com\/index.php?rest_route=%2Fwp%2Fv2%2Fmedia&parent=34751"}],"wp:term":[{"taxonomy":"category","embeddable":true,"href":"https:\/\/www.egemtv.com\/index.php?rest_route=%2Fwp%2Fv2%2Fcategories&post=34751"},{"taxonomy":"post_tag","embeddable":true,"href":"https:\/\/www.egemtv.com\/index.php?rest_route=%2Fwp%2Fv2%2Ftags&post=34751"}],"curies":[{"name":"wp","href":"https:\/\/api.w.org\/{rel}","templated":true}]}}