{"id":34748,"date":"2025-06-13T10:56:30","date_gmt":"2025-06-13T07:56:30","guid":{"rendered":"https:\/\/www.egemtv.com\/?p=34748"},"modified":"2025-06-13T10:56:35","modified_gmt":"2025-06-13T07:56:35","slug":"sarigollu-mehmet-saritas-milli-formayi-giydi","status":"publish","type":"post","link":"https:\/\/www.egemtv.com\/?p=34748","title":{"rendered":"Sar\u0131g\u00f6ll\u00fc Mehmet Sar\u0131ta\u015f milli formay\u0131 giydi"},"content":{"rendered":"<p>Manisa\u2019n\u0131n Sar\u0131g\u00f6l il\u00e7esinde ya\u015fayan 13 ya\u015f\u0131ndaki Mehmet Sar\u0131ta\u015f ilk kez giyece\u011fi milli formayla karatede T\u00fcrkiye\u2019ye madalya kazand\u0131rmak i\u00e7in Moldova\u2019ya hareket etti.<br \/>\n<br \/>Manisa\u2019n\u0131n Sar\u0131g\u00f6l il\u00e7esinde ya\u015fayan Ba\u011fl\u0131ca Halil Duran Ortaokulu 7. s\u0131n\u0131f \u00f6\u011frencisi Mehmet Sar\u0131ta\u015f (13), T\u00fcrkiye Karate Federasyonu taraf\u0131ndan milli tak\u0131ma davet edildi. Milli tak\u0131ma se\u00e7ilen Sar\u0131g\u00f6ll\u00fc sporcu, karate milli tak\u0131m kafilesiyle birlikte \u0130stanbul\u2019dan karayolu ile Moldova\u2019ya u\u011furland\u0131.<br \/>\n<br \/>O\u011flunu Moldova\u2019ya u\u011furlayan baba Sava\u015f Sar\u0131ta\u015f, duygular\u0131n\u0131 \u015fu s\u00f6zlerle ifade etti:<br \/>\n<br \/>&#8220;O\u011flumu d\u00fcn ak\u015fam saatlerinde Ala\u015fehir\u2019den \u0130stanbul\u2019a yolcu ettim. Sabah saatlerinde tak\u0131m\u0131n antren\u00f6r\u00fc taraf\u0131ndan kar\u015f\u0131lanarak kafileye kat\u0131ld\u0131. \u00c7ok gururluyum. Turnuva \u00fc\u00e7 g\u00fcn s\u00fcrecek. \u0130l\u00e7emizin ve \u00fclkemizin beklentisi, sporcular\u0131m\u0131z\u0131n madalyalarla d\u00f6nmesidir. T\u00fcm sporcular\u0131m\u0131za ba\u015far\u0131lar diliyorum.&#8221;<br \/><\/p>\n","protected":false},"excerpt":{"rendered":"<p>Manisa\u2019n\u0131n Sar\u0131g\u00f6l il\u00e7esinde ya\u015fayan 13 ya\u015f\u0131ndaki Mehmet Sar\u0131ta\u015f ilk kez giyece\u011fi milli formayla karatede T\u00fcrkiye\u2019ye madalya kazand\u0131rmak i\u00e7in Moldova\u2019ya hareket etti. Manisa\u2019n\u0131n Sar\u0131g\u00f6l il\u00e7esinde ya\u015fayan Ba\u011fl\u0131ca Halil Duran Ortaokulu 7. s\u0131n\u0131f \u00f6\u011frencisi Mehmet Sar\u0131ta\u015f (13), T\u00fcrkiye Karate Federasyonu taraf\u0131ndan milli tak\u0131ma davet edildi. Milli tak\u0131ma se\u00e7ilen Sar\u0131g\u00f6ll\u00fc sporcu, karate milli tak\u0131m kafilesiyle birlikte \u0130stanbul\u2019dan karayolu&#8230;<\/p>\n","protected":false},"author":1,"featured_media":34749,"comment_status":"open","ping_status":"open","sticky":false,"template":"","format":"standard","meta":{"_crdt_document":"","footnotes":""},"categories":[4],"tags":[],"class_list":["post-34748","post","type-post","status-publish","format-standard","has-post-thumbnail","hentry","category-spor"],"_links":{"self":[{"href":"https:\/\/www.egemtv.com\/index.php?rest_route=\/wp\/v2\/posts\/34748","targetHints":{"allow":["GET"]}}],"collection":[{"href":"https:\/\/www.egemtv.com\/index.php?rest_route=\/wp\/v2\/posts"}],"about":[{"href":"https:\/\/www.egemtv.com\/index.php?rest_route=\/wp\/v2\/types\/post"}],"author":[{"embeddable":true,"href":"https:\/\/www.egemtv.com\/index.php?rest_route=\/wp\/v2\/users\/1"}],"replies":[{"embeddable":true,"href":"https:\/\/www.egemtv.com\/index.php?rest_route=%2Fwp%2Fv2%2Fcomments&post=34748"}],"version-history":[{"count":1,"href":"https:\/\/www.egemtv.com\/index.php?rest_route=\/wp\/v2\/posts\/34748\/revisions"}],"predecessor-version":[{"id":34750,"href":"https:\/\/www.egemtv.com\/index.php?rest_route=\/wp\/v2\/posts\/34748\/revisions\/34750"}],"wp:featuredmedia":[{"embeddable":true,"href":"https:\/\/www.egemtv.com\/index.php?rest_route=\/wp\/v2\/media\/34749"}],"wp:attachment":[{"href":"https:\/\/www.egemtv.com\/index.php?rest_route=%2Fwp%2Fv2%2Fmedia&parent=34748"}],"wp:term":[{"taxonomy":"category","embeddable":true,"href":"https:\/\/www.egemtv.com\/index.php?rest_route=%2Fwp%2Fv2%2Fcategories&post=34748"},{"taxonomy":"post_tag","embeddable":true,"href":"https:\/\/www.egemtv.com\/index.php?rest_route=%2Fwp%2Fv2%2Ftags&post=34748"}],"curies":[{"name":"wp","href":"https:\/\/api.w.org\/{rel}","templated":true}]}}