{"id":34745,"date":"2025-06-13T10:56:25","date_gmt":"2025-06-13T07:56:25","guid":{"rendered":"https:\/\/www.egemtv.com\/?p=34745"},"modified":"2025-06-13T10:56:30","modified_gmt":"2025-06-13T07:56:30","slug":"sokede-aycicegi-tarlalari-taraniyor","status":"publish","type":"post","link":"https:\/\/www.egemtv.com\/?p=34745","title":{"rendered":"S\u00f6ke\u2019de ay\u00e7i\u00e7e\u011fi tarlalar\u0131 taran\u0131yor"},"content":{"rendered":"<p>Ayd\u0131n\u2019da ge\u00e7ti\u011fimiz y\u0131llarda ya\u015fanan kurakl\u0131k sebebiyle ikinci \u00fcr\u00fcn olarak ekimi yap\u0131lan ay\u00e7i\u00e7e\u011finde, ekili alanlar \u00e7ay\u0131r t\u0131rt\u0131l\u0131 ba\u015fta olmak \u00fczere zararl\u0131lara kar\u015f\u0131 taran\u0131yor.<\/p>\n<p>Ge\u00e7ti\u011fimiz y\u0131llarda Ayd\u0131n\u2019da kurakl\u0131k sebebiyle \u00fcreticiler farkl\u0131 \u00fcr\u00fcn \u00e7e\u015fitlerine y\u00f6nlendirilirken, ikinci \u00fcr\u00fcn olarak ekilen ay\u00e7i\u00e7e\u011finde ba\u015far\u0131ya ula\u015f\u0131lm\u0131\u015ft\u0131. \u00c7ok az su isteyen \u00fcr\u00fcnlerden olan ay\u00e7i\u00e7e\u011fi, adeta Ayd\u0131n\u2019da ikinci \u00fcr\u00fcn olmaya aday g\u00f6sterilirken, Ayd\u0131n \u0130l Tar\u0131m ve Orman M\u00fcd\u00fcrl\u00fc\u011f\u00fc taraf\u0131ndan y\u00fcr\u00fct\u00fclen Tar\u0131m Arazilerin Kullan\u0131m\u0131n\u0131n Etkinle\u015ftirilmesi (TAKE) proje \u00e7er\u00e7evesinde de ay\u00e7i\u00e7e\u011fi tohumu da\u011f\u0131t\u0131m\u0131 s\u00fcr\u00fcyor. Bu kapsamda ay\u00e7i\u00e7e\u011fi ekili alanlarda da \u00e7ay\u0131r t\u0131rt\u0131l\u0131 ba\u015fta olmak \u00fczere zararl\u0131lara kar\u015f\u0131 taramalar ger\u00e7ekle\u015ftiriliyor. S\u00f6ke il\u00e7esinde de de sahaya inen il\u00e7e tar\u0131m ekipleri, ay\u00e7i\u00e7e\u011fi tarlalar\u0131nda kontroller ger\u00e7ekle\u015ftirdi. Konu ile ilgili S\u00f6ke \u0130l\u00e7e Tar\u0131m ve Orman M\u00fcd\u00fcrl\u00fc\u011f\u00fc\u2019nden yap\u0131lan a\u00e7\u0131klamada ise &#8220;Ay\u00e7i\u00e7e\u011fi ekili tarlalar\u0131m\u0131zda saha kontrolleri ger\u00e7ekle\u015ftirildi. Hibeli tohum da\u011f\u0131t\u0131m\u0131m\u0131z devam etmektedir&#8221; ifadeleri yer ald\u0131.<br \/><\/p>\n","protected":false},"excerpt":{"rendered":"<p>Ayd\u0131n\u2019da ge\u00e7ti\u011fimiz y\u0131llarda ya\u015fanan kurakl\u0131k sebebiyle ikinci \u00fcr\u00fcn olarak ekimi yap\u0131lan ay\u00e7i\u00e7e\u011finde, ekili alanlar \u00e7ay\u0131r t\u0131rt\u0131l\u0131 ba\u015fta olmak \u00fczere zararl\u0131lara kar\u015f\u0131 taran\u0131yor. Ge\u00e7ti\u011fimiz y\u0131llarda Ayd\u0131n\u2019da kurakl\u0131k sebebiyle \u00fcreticiler farkl\u0131 \u00fcr\u00fcn \u00e7e\u015fitlerine y\u00f6nlendirilirken, ikinci \u00fcr\u00fcn olarak ekilen ay\u00e7i\u00e7e\u011finde ba\u015far\u0131ya ula\u015f\u0131lm\u0131\u015ft\u0131. \u00c7ok az su isteyen \u00fcr\u00fcnlerden olan ay\u00e7i\u00e7e\u011fi, adeta Ayd\u0131n\u2019da ikinci \u00fcr\u00fcn olmaya aday g\u00f6sterilirken, Ayd\u0131n \u0130l&#8230;<\/p>\n","protected":false},"author":1,"featured_media":34746,"comment_status":"open","ping_status":"open","sticky":false,"template":"","format":"standard","meta":{"_crdt_document":"","footnotes":""},"categories":[1],"tags":[],"class_list":["post-34745","post","type-post","status-publish","format-standard","has-post-thumbnail","hentry","category-guncel"],"_links":{"self":[{"href":"https:\/\/www.egemtv.com\/index.php?rest_route=\/wp\/v2\/posts\/34745","targetHints":{"allow":["GET"]}}],"collection":[{"href":"https:\/\/www.egemtv.com\/index.php?rest_route=\/wp\/v2\/posts"}],"about":[{"href":"https:\/\/www.egemtv.com\/index.php?rest_route=\/wp\/v2\/types\/post"}],"author":[{"embeddable":true,"href":"https:\/\/www.egemtv.com\/index.php?rest_route=\/wp\/v2\/users\/1"}],"replies":[{"embeddable":true,"href":"https:\/\/www.egemtv.com\/index.php?rest_route=%2Fwp%2Fv2%2Fcomments&post=34745"}],"version-history":[{"count":1,"href":"https:\/\/www.egemtv.com\/index.php?rest_route=\/wp\/v2\/posts\/34745\/revisions"}],"predecessor-version":[{"id":34747,"href":"https:\/\/www.egemtv.com\/index.php?rest_route=\/wp\/v2\/posts\/34745\/revisions\/34747"}],"wp:featuredmedia":[{"embeddable":true,"href":"https:\/\/www.egemtv.com\/index.php?rest_route=\/wp\/v2\/media\/34746"}],"wp:attachment":[{"href":"https:\/\/www.egemtv.com\/index.php?rest_route=%2Fwp%2Fv2%2Fmedia&parent=34745"}],"wp:term":[{"taxonomy":"category","embeddable":true,"href":"https:\/\/www.egemtv.com\/index.php?rest_route=%2Fwp%2Fv2%2Fcategories&post=34745"},{"taxonomy":"post_tag","embeddable":true,"href":"https:\/\/www.egemtv.com\/index.php?rest_route=%2Fwp%2Fv2%2Ftags&post=34745"}],"curies":[{"name":"wp","href":"https:\/\/api.w.org\/{rel}","templated":true}]}}