{"id":34742,"date":"2025-06-13T10:56:21","date_gmt":"2025-06-13T07:56:21","guid":{"rendered":"https:\/\/www.egemtv.com\/?p=34742"},"modified":"2025-06-13T10:56:25","modified_gmt":"2025-06-13T07:56:25","slug":"kaymakam-baygus-dazkirida-kitap-okuma-etkinligine-katildi","status":"publish","type":"post","link":"https:\/\/www.egemtv.com\/?p=34742","title":{"rendered":"Kaymakam Baygu\u015f, Dazk\u0131r\u0131\u2019da Kitap Okuma etkinli\u011fine kat\u0131ld\u0131"},"content":{"rendered":"<p>Afyonkarahisar Dazk\u0131r\u0131 Kaymakam\u0131 Gizem Baygu\u015f, \u015eerife Memi\u015f U\u00e7ar \u0130lkokulu ve Dazk\u0131r\u0131 Halk K\u00fct\u00fcphanesi i\u015f birli\u011fiyle d\u00fczenlenen kitap okuma etkinli\u011fine kat\u0131larak \u00f6\u011frencilerle birlikte kitap okudu.<br \/>\n<br \/>\u00d6\u011frenciler, \u00f6\u011fretmenler ve k\u00fct\u00fcphane g\u00f6revlilerinin yo\u011fun ilgi g\u00f6sterdi\u011fi etkinlik, kitap sevgisini art\u0131rmak ve okuma al\u0131\u015fkanl\u0131\u011f\u0131n\u0131 yayg\u0131nla\u015ft\u0131rmak amac\u0131yla ger\u00e7ekle\u015ftirildi. Kaymakam Baygu\u015f, burada yapt\u0131\u011f\u0131 konu\u015fmada, okuman\u0131n bireysel geli\u015fim ve toplumun ilerlemesindeki \u00f6nemine de\u011findi. Baygu\u015f &#8220;Okuma al\u0131\u015fkanl\u0131\u011f\u0131, bilgi birikimimizi art\u0131r\u0131r ve ufkumuzu geni\u015fletir. Gen\u00e7lerimizi kitapla bulu\u015fturmak, onlar\u0131n gelece\u011fe daha sa\u011flam ad\u0131mlarla ilerlemesini sa\u011flar&#8221; ifadelerini kulland\u0131.<br \/>\n<br \/>Etkinlik \u00e7er\u00e7evesinde, \u00f6\u011frenciler se\u00e7tikleri kitaplar\u0131 sesli okurken, k\u00fct\u00fcphane taraf\u0131ndan da \u00e7e\u015fitli kitap \u00f6nerileri ve okuma teknikleri payla\u015f\u0131ld\u0131.<br \/><\/p>\n","protected":false},"excerpt":{"rendered":"<p>Afyonkarahisar Dazk\u0131r\u0131 Kaymakam\u0131 Gizem Baygu\u015f, \u015eerife Memi\u015f U\u00e7ar \u0130lkokulu ve Dazk\u0131r\u0131 Halk K\u00fct\u00fcphanesi i\u015f birli\u011fiyle d\u00fczenlenen kitap okuma etkinli\u011fine kat\u0131larak \u00f6\u011frencilerle birlikte kitap okudu. \u00d6\u011frenciler, \u00f6\u011fretmenler ve k\u00fct\u00fcphane g\u00f6revlilerinin yo\u011fun ilgi g\u00f6sterdi\u011fi etkinlik, kitap sevgisini art\u0131rmak ve okuma al\u0131\u015fkanl\u0131\u011f\u0131n\u0131 yayg\u0131nla\u015ft\u0131rmak amac\u0131yla ger\u00e7ekle\u015ftirildi. Kaymakam Baygu\u015f, burada yapt\u0131\u011f\u0131 konu\u015fmada, okuman\u0131n bireysel geli\u015fim ve toplumun ilerlemesindeki \u00f6nemine de\u011findi&#8230;.<\/p>\n","protected":false},"author":1,"featured_media":34743,"comment_status":"open","ping_status":"open","sticky":false,"template":"","format":"standard","meta":{"_crdt_document":"","footnotes":""},"categories":[1],"tags":[],"class_list":["post-34742","post","type-post","status-publish","format-standard","has-post-thumbnail","hentry","category-guncel"],"_links":{"self":[{"href":"https:\/\/www.egemtv.com\/index.php?rest_route=\/wp\/v2\/posts\/34742","targetHints":{"allow":["GET"]}}],"collection":[{"href":"https:\/\/www.egemtv.com\/index.php?rest_route=\/wp\/v2\/posts"}],"about":[{"href":"https:\/\/www.egemtv.com\/index.php?rest_route=\/wp\/v2\/types\/post"}],"author":[{"embeddable":true,"href":"https:\/\/www.egemtv.com\/index.php?rest_route=\/wp\/v2\/users\/1"}],"replies":[{"embeddable":true,"href":"https:\/\/www.egemtv.com\/index.php?rest_route=%2Fwp%2Fv2%2Fcomments&post=34742"}],"version-history":[{"count":1,"href":"https:\/\/www.egemtv.com\/index.php?rest_route=\/wp\/v2\/posts\/34742\/revisions"}],"predecessor-version":[{"id":34744,"href":"https:\/\/www.egemtv.com\/index.php?rest_route=\/wp\/v2\/posts\/34742\/revisions\/34744"}],"wp:featuredmedia":[{"embeddable":true,"href":"https:\/\/www.egemtv.com\/index.php?rest_route=\/wp\/v2\/media\/34743"}],"wp:attachment":[{"href":"https:\/\/www.egemtv.com\/index.php?rest_route=%2Fwp%2Fv2%2Fmedia&parent=34742"}],"wp:term":[{"taxonomy":"category","embeddable":true,"href":"https:\/\/www.egemtv.com\/index.php?rest_route=%2Fwp%2Fv2%2Fcategories&post=34742"},{"taxonomy":"post_tag","embeddable":true,"href":"https:\/\/www.egemtv.com\/index.php?rest_route=%2Fwp%2Fv2%2Ftags&post=34742"}],"curies":[{"name":"wp","href":"https:\/\/api.w.org\/{rel}","templated":true}]}}