{"id":34739,"date":"2025-06-13T10:56:19","date_gmt":"2025-06-13T07:56:19","guid":{"rendered":"https:\/\/www.egemtv.com\/?p=34739"},"modified":"2025-06-13T10:56:21","modified_gmt":"2025-06-13T07:56:21","slug":"vali-yigitbasi-sehit-ailesini-makaminda-agirladi","status":"publish","type":"post","link":"https:\/\/www.egemtv.com\/?p=34739","title":{"rendered":"Vali Yi\u011fitba\u015f\u0131, \u015fehit ailesini makam\u0131nda a\u011f\u0131rlad\u0131"},"content":{"rendered":"<p>Afyonkarahisar Valisi Do\u00e7. Dr. K\u00fcbra G\u00fcran Yi\u011fitba\u015f\u0131, \u015eehit \u00d6mer Sayar\u2019\u0131n annesi Semiha Sayar ve karde\u015fi \u015e\u00fckriye Sayar\u2019\u0131 makam\u0131nda a\u011f\u0131rlad\u0131.<br \/>\n<br \/>Ziyaret \u00e7er\u00e7evesinde Vali Yi\u011fitba\u015f\u0131, \u015fehit ailesiyle yak\u0131ndan ilgilenerek samimi bir sohbet ger\u00e7ekle\u015ftirdi. \u015eehitlerin geride b\u0131rakt\u0131\u011f\u0131 emanetlerin, milletin en k\u0131ymetli de\u011ferleri oldu\u011funu belirten Yi\u011fitba\u015f\u0131, devletin her zaman \u015fehit yak\u0131nlar\u0131n\u0131n ve gazilerin yan\u0131nda oldu\u011funu vurgulad\u0131. Vali K\u00fcbra G\u00fcran Yi\u011fitba\u015f\u0131, &#8220;Her t\u00fcrl\u00fc k\u00f6t\u00fc niyetli giri\u015fime ve fitneye ra\u011fmen, \u015fehit ailelerimizle ve gazilerimizle olan g\u00f6n\u00fcl ba\u011f\u0131m\u0131z\u0131 en g\u00fc\u00e7l\u00fc \u015fekilde s\u00fcrd\u00fcrmeye devam edece\u011fiz,&#8221; ifadelerini kulland\u0131. Ziyaret, kar\u015f\u0131l\u0131kl\u0131 iyi dileklerin sunulmas\u0131yla sona erdi.<br \/><\/p>\n","protected":false},"excerpt":{"rendered":"<p>Afyonkarahisar Valisi Do\u00e7. Dr. K\u00fcbra G\u00fcran Yi\u011fitba\u015f\u0131, \u015eehit \u00d6mer Sayar\u2019\u0131n annesi Semiha Sayar ve karde\u015fi \u015e\u00fckriye Sayar\u2019\u0131 makam\u0131nda a\u011f\u0131rlad\u0131. Ziyaret \u00e7er\u00e7evesinde Vali Yi\u011fitba\u015f\u0131, \u015fehit ailesiyle yak\u0131ndan ilgilenerek samimi bir sohbet ger\u00e7ekle\u015ftirdi. \u015eehitlerin geride b\u0131rakt\u0131\u011f\u0131 emanetlerin, milletin en k\u0131ymetli de\u011ferleri oldu\u011funu belirten Yi\u011fitba\u015f\u0131, devletin her zaman \u015fehit yak\u0131nlar\u0131n\u0131n ve gazilerin yan\u0131nda oldu\u011funu vurgulad\u0131. Vali K\u00fcbra G\u00fcran&#8230;<\/p>\n","protected":false},"author":1,"featured_media":34740,"comment_status":"open","ping_status":"open","sticky":false,"template":"","format":"standard","meta":{"_crdt_document":"","footnotes":""},"categories":[1],"tags":[],"class_list":["post-34739","post","type-post","status-publish","format-standard","has-post-thumbnail","hentry","category-guncel"],"_links":{"self":[{"href":"https:\/\/www.egemtv.com\/index.php?rest_route=\/wp\/v2\/posts\/34739","targetHints":{"allow":["GET"]}}],"collection":[{"href":"https:\/\/www.egemtv.com\/index.php?rest_route=\/wp\/v2\/posts"}],"about":[{"href":"https:\/\/www.egemtv.com\/index.php?rest_route=\/wp\/v2\/types\/post"}],"author":[{"embeddable":true,"href":"https:\/\/www.egemtv.com\/index.php?rest_route=\/wp\/v2\/users\/1"}],"replies":[{"embeddable":true,"href":"https:\/\/www.egemtv.com\/index.php?rest_route=%2Fwp%2Fv2%2Fcomments&post=34739"}],"version-history":[{"count":1,"href":"https:\/\/www.egemtv.com\/index.php?rest_route=\/wp\/v2\/posts\/34739\/revisions"}],"predecessor-version":[{"id":34741,"href":"https:\/\/www.egemtv.com\/index.php?rest_route=\/wp\/v2\/posts\/34739\/revisions\/34741"}],"wp:featuredmedia":[{"embeddable":true,"href":"https:\/\/www.egemtv.com\/index.php?rest_route=\/wp\/v2\/media\/34740"}],"wp:attachment":[{"href":"https:\/\/www.egemtv.com\/index.php?rest_route=%2Fwp%2Fv2%2Fmedia&parent=34739"}],"wp:term":[{"taxonomy":"category","embeddable":true,"href":"https:\/\/www.egemtv.com\/index.php?rest_route=%2Fwp%2Fv2%2Fcategories&post=34739"},{"taxonomy":"post_tag","embeddable":true,"href":"https:\/\/www.egemtv.com\/index.php?rest_route=%2Fwp%2Fv2%2Ftags&post=34739"}],"curies":[{"name":"wp","href":"https:\/\/api.w.org\/{rel}","templated":true}]}}