{"id":34733,"date":"2025-06-13T10:56:10","date_gmt":"2025-06-13T07:56:10","guid":{"rendered":"https:\/\/www.egemtv.com\/?p=34733"},"modified":"2025-06-13T10:56:14","modified_gmt":"2025-06-13T07:56:14","slug":"ogrenciler-vali-yigitbasina-lavantayi-sordu","status":"publish","type":"post","link":"https:\/\/www.egemtv.com\/?p=34733","title":{"rendered":"\u00d6\u011frenciler Vali Yi\u011fitba\u015f\u0131\u2019na &#8220;Lavanta&#8221;y\u0131 sordu"},"content":{"rendered":"<p>Afyonkarahisar Valisi Do\u00e7. Dr. K\u00fcbra G\u00fcran Yi\u011fitba\u015f\u0131, Dazk\u0131r\u0131 Kaymakam\u0131 Gizem Baygu\u015f ve beraberindeki \u00f6\u011frencileri makam\u0131nda kabul etti.<br \/>\n<br \/>Ziyaret \u00e7er\u00e7evesinde \u00f6\u011frenciler, Dazk\u0131r\u0131 \u0130l\u00e7e Mill\u00ee E\u011fitim M\u00fcd\u00fcrl\u00fc\u011f\u00fc taraf\u0131ndan haz\u0131rlanan ve il\u00e7edeki e\u011fitim faaliyetlerini konu alan &#8220;Lavanta&#8221; adl\u0131 e-derginin ilk say\u0131s\u0131 i\u00e7in Vali Yi\u011fitba\u015f\u0131 ile \u00f6zel bir r\u00f6portaj ger\u00e7ekle\u015ftirdi.<br \/>\n<br \/>\u00d6\u011frenciler, Vali Yi\u011fitba\u015f\u0131\u2019na \u00e7ocukluk an\u0131lar\u0131ndan meslek hayat\u0131na, e\u011fitim anlay\u0131\u015f\u0131ndan sosyal medya kullan\u0131m\u0131na kadar geni\u015f bir yelpazede sorular y\u00f6neltti. Samimi bir ortamda ger\u00e7ekle\u015fen r\u00f6portajda Vali Yi\u011fitba\u015f\u0131, gen\u00e7lerin sorular\u0131n\u0131 i\u00e7tenlikle yan\u0131tlad\u0131. R\u00f6portaj sonunda Vali Yi\u011fitba\u015f\u0131, dergi haz\u0131rl\u0131\u011f\u0131na katk\u0131 sunan \u00f6\u011frencilere ve \u00f6\u011fretmenlere te\u015fekk\u00fcr ederek, t\u00fcm \u00f6\u011frencilere e\u011fitim hayatlar\u0131nda ba\u015far\u0131lar diledi.<br \/><\/p>\n","protected":false},"excerpt":{"rendered":"<p>Afyonkarahisar Valisi Do\u00e7. Dr. K\u00fcbra G\u00fcran Yi\u011fitba\u015f\u0131, Dazk\u0131r\u0131 Kaymakam\u0131 Gizem Baygu\u015f ve beraberindeki \u00f6\u011frencileri makam\u0131nda kabul etti. Ziyaret \u00e7er\u00e7evesinde \u00f6\u011frenciler, Dazk\u0131r\u0131 \u0130l\u00e7e Mill\u00ee E\u011fitim M\u00fcd\u00fcrl\u00fc\u011f\u00fc taraf\u0131ndan haz\u0131rlanan ve il\u00e7edeki e\u011fitim faaliyetlerini konu alan &#8220;Lavanta&#8221; adl\u0131 e-derginin ilk say\u0131s\u0131 i\u00e7in Vali Yi\u011fitba\u015f\u0131 ile \u00f6zel bir r\u00f6portaj ger\u00e7ekle\u015ftirdi. \u00d6\u011frenciler, Vali Yi\u011fitba\u015f\u0131\u2019na \u00e7ocukluk an\u0131lar\u0131ndan meslek hayat\u0131na, e\u011fitim anlay\u0131\u015f\u0131ndan&#8230;<\/p>\n","protected":false},"author":1,"featured_media":34734,"comment_status":"open","ping_status":"open","sticky":false,"template":"","format":"standard","meta":{"_crdt_document":"","footnotes":""},"categories":[1],"tags":[],"class_list":["post-34733","post","type-post","status-publish","format-standard","has-post-thumbnail","hentry","category-guncel"],"_links":{"self":[{"href":"https:\/\/www.egemtv.com\/index.php?rest_route=\/wp\/v2\/posts\/34733","targetHints":{"allow":["GET"]}}],"collection":[{"href":"https:\/\/www.egemtv.com\/index.php?rest_route=\/wp\/v2\/posts"}],"about":[{"href":"https:\/\/www.egemtv.com\/index.php?rest_route=\/wp\/v2\/types\/post"}],"author":[{"embeddable":true,"href":"https:\/\/www.egemtv.com\/index.php?rest_route=\/wp\/v2\/users\/1"}],"replies":[{"embeddable":true,"href":"https:\/\/www.egemtv.com\/index.php?rest_route=%2Fwp%2Fv2%2Fcomments&post=34733"}],"version-history":[{"count":1,"href":"https:\/\/www.egemtv.com\/index.php?rest_route=\/wp\/v2\/posts\/34733\/revisions"}],"predecessor-version":[{"id":34735,"href":"https:\/\/www.egemtv.com\/index.php?rest_route=\/wp\/v2\/posts\/34733\/revisions\/34735"}],"wp:featuredmedia":[{"embeddable":true,"href":"https:\/\/www.egemtv.com\/index.php?rest_route=\/wp\/v2\/media\/34734"}],"wp:attachment":[{"href":"https:\/\/www.egemtv.com\/index.php?rest_route=%2Fwp%2Fv2%2Fmedia&parent=34733"}],"wp:term":[{"taxonomy":"category","embeddable":true,"href":"https:\/\/www.egemtv.com\/index.php?rest_route=%2Fwp%2Fv2%2Fcategories&post=34733"},{"taxonomy":"post_tag","embeddable":true,"href":"https:\/\/www.egemtv.com\/index.php?rest_route=%2Fwp%2Fv2%2Ftags&post=34733"}],"curies":[{"name":"wp","href":"https:\/\/api.w.org\/{rel}","templated":true}]}}