{"id":34730,"date":"2025-06-13T10:56:05","date_gmt":"2025-06-13T07:56:05","guid":{"rendered":"https:\/\/www.egemtv.com\/?p=34730"},"modified":"2025-06-13T10:56:10","modified_gmt":"2025-06-13T07:56:10","slug":"afyonkarahisarda-2025-lgs-icin-hazirliklar-basladi","status":"publish","type":"post","link":"https:\/\/www.egemtv.com\/?p=34730","title":{"rendered":"Afyonkarahisar\u2019da 2025 LGS i\u00e7in haz\u0131rl\u0131klar ba\u015flad\u0131"},"content":{"rendered":"<p>Afyonkarahisar \u0130l Milli E\u011fitim M\u00fcd\u00fcrl\u00fc\u011f\u00fc, 15 Haziran 2025 tarihinde ger\u00e7ekle\u015ftirilecek olan Liselere Ge\u00e7i\u015f Sistemi (LGS) s\u0131nav\u0131 \u00f6ncesi, s\u0131nav merkezi olacak okullar\u0131n m\u00fcd\u00fcrleriyle bir bilgilendirme toplant\u0131s\u0131 ger\u00e7ekle\u015ftirdi.<br \/>\n<br \/>\u0130l Milli E\u011fitim M\u00fcd\u00fcr\u00fc Mira\u00e7 S\u00fcnnetci ba\u015fkanl\u0131\u011f\u0131nda yap\u0131lan toplant\u0131 geni\u015f kat\u0131l\u0131mla d\u00fczenlendi. Toplant\u0131ya E\u011fitim M\u00fcfetti\u015fleri Ba\u015fkan\u0131 Yusuf Turhan, m\u00fcd\u00fcr yard\u0131mc\u0131lar\u0131, \u015fube m\u00fcd\u00fcrleri, emniyet yetkilileri ve s\u0131nav merkezi olarak belirlenen okullar\u0131n m\u00fcd\u00fcrleri kat\u0131ld\u0131. Toplant\u0131da, s\u0131nav s\u00fcrecinin g\u00fcvenli, d\u00fczenli ve mevzuata uygun \u015fekilde y\u00fcr\u00fct\u00fclmesi i\u00e7in yap\u0131lmas\u0131 gereken haz\u0131rl\u0131klar detayl\u0131 \u015fekilde ele al\u0131nd\u0131. \u0130l Milli E\u011fitim M\u00fcd\u00fcr\u00fc Mira\u00e7 S\u00fcnnetci, konu\u015fmas\u0131nda s\u0131nav g\u00fcn\u00fc herhangi bir aksakl\u0131k ya\u015fanmamas\u0131 ad\u0131na t\u00fcm planlamalar\u0131n titizlikle yap\u0131lmas\u0131 gerekti\u011fini vurgulad\u0131.  Toplant\u0131da ayr\u0131ca, 2025 y\u0131l\u0131na ait LGS S\u0131nav Takvimi, Uygulama Esaslar\u0131 ve Mill\u00ee E\u011fitim Bakanl\u0131\u011f\u0131 taraf\u0131ndan yay\u0131mlanan s\u0131nav k\u0131lavuzundaki g\u00fcncel bilgiler okul m\u00fcd\u00fcrleriyle payla\u015f\u0131ld\u0131. Uygulama esaslar\u0131na dair ayr\u0131nt\u0131lar aktar\u0131ld\u0131. Toplant\u0131n\u0131n sonunda okul m\u00fcd\u00fcrleri, sahadaki uygulamalara ili\u015fkin g\u00f6r\u00fc\u015f, \u00f6neri ve taleplerini iletti.<br \/><\/p>\n","protected":false},"excerpt":{"rendered":"<p>Afyonkarahisar \u0130l Milli E\u011fitim M\u00fcd\u00fcrl\u00fc\u011f\u00fc, 15 Haziran 2025 tarihinde ger\u00e7ekle\u015ftirilecek olan Liselere Ge\u00e7i\u015f Sistemi (LGS) s\u0131nav\u0131 \u00f6ncesi, s\u0131nav merkezi olacak okullar\u0131n m\u00fcd\u00fcrleriyle bir bilgilendirme toplant\u0131s\u0131 ger\u00e7ekle\u015ftirdi. \u0130l Milli E\u011fitim M\u00fcd\u00fcr\u00fc Mira\u00e7 S\u00fcnnetci ba\u015fkanl\u0131\u011f\u0131nda yap\u0131lan toplant\u0131 geni\u015f kat\u0131l\u0131mla d\u00fczenlendi. Toplant\u0131ya E\u011fitim M\u00fcfetti\u015fleri Ba\u015fkan\u0131 Yusuf Turhan, m\u00fcd\u00fcr yard\u0131mc\u0131lar\u0131, \u015fube m\u00fcd\u00fcrleri, emniyet yetkilileri ve s\u0131nav merkezi olarak belirlenen&#8230;<\/p>\n","protected":false},"author":1,"featured_media":34731,"comment_status":"open","ping_status":"open","sticky":false,"template":"","format":"standard","meta":{"_crdt_document":"","footnotes":""},"categories":[1],"tags":[],"class_list":["post-34730","post","type-post","status-publish","format-standard","has-post-thumbnail","hentry","category-guncel"],"_links":{"self":[{"href":"https:\/\/www.egemtv.com\/index.php?rest_route=\/wp\/v2\/posts\/34730","targetHints":{"allow":["GET"]}}],"collection":[{"href":"https:\/\/www.egemtv.com\/index.php?rest_route=\/wp\/v2\/posts"}],"about":[{"href":"https:\/\/www.egemtv.com\/index.php?rest_route=\/wp\/v2\/types\/post"}],"author":[{"embeddable":true,"href":"https:\/\/www.egemtv.com\/index.php?rest_route=\/wp\/v2\/users\/1"}],"replies":[{"embeddable":true,"href":"https:\/\/www.egemtv.com\/index.php?rest_route=%2Fwp%2Fv2%2Fcomments&post=34730"}],"version-history":[{"count":1,"href":"https:\/\/www.egemtv.com\/index.php?rest_route=\/wp\/v2\/posts\/34730\/revisions"}],"predecessor-version":[{"id":34732,"href":"https:\/\/www.egemtv.com\/index.php?rest_route=\/wp\/v2\/posts\/34730\/revisions\/34732"}],"wp:featuredmedia":[{"embeddable":true,"href":"https:\/\/www.egemtv.com\/index.php?rest_route=\/wp\/v2\/media\/34731"}],"wp:attachment":[{"href":"https:\/\/www.egemtv.com\/index.php?rest_route=%2Fwp%2Fv2%2Fmedia&parent=34730"}],"wp:term":[{"taxonomy":"category","embeddable":true,"href":"https:\/\/www.egemtv.com\/index.php?rest_route=%2Fwp%2Fv2%2Fcategories&post=34730"},{"taxonomy":"post_tag","embeddable":true,"href":"https:\/\/www.egemtv.com\/index.php?rest_route=%2Fwp%2Fv2%2Ftags&post=34730"}],"curies":[{"name":"wp","href":"https:\/\/api.w.org\/{rel}","templated":true}]}}