{"id":34727,"date":"2025-06-13T10:55:57","date_gmt":"2025-06-13T07:55:57","guid":{"rendered":"https:\/\/www.egemtv.com\/?p=34727"},"modified":"2025-06-13T10:56:05","modified_gmt":"2025-06-13T07:56:05","slug":"afyonkarahisar-spor-lisesinde-sampiyonluk-coskusu","status":"publish","type":"post","link":"https:\/\/www.egemtv.com\/?p=34727","title":{"rendered":"Afyonkarahisar Spor Lisesi\u2019nde \u015fampiyonluk co\u015fkusu!"},"content":{"rendered":"<p>Afyonkarahisar Spor Lisesi, T\u00fcrkiye \u015fampiyonluklar\u0131yla ta\u00e7lanan \u00f6\u011frencilerini g\u00f6rkemli bir \u00f6d\u00fcl t\u00f6reniyle onurland\u0131rd\u0131. Sporun birle\u015ftirici g\u00fcc\u00fcn\u00fc ve disiplinin meyvelerini g\u00f6zler \u00f6n\u00fcne seren etkinlik, yo\u011fun kat\u0131l\u0131mla ger\u00e7ekle\u015fti.<br \/>\n<br \/>\u0130l Milli E\u011fitim M\u00fcd\u00fcr\u00fc Mira\u00e7 S\u00fcnnetci, Gen\u00e7lik ve Spor \u0130l M\u00fcd\u00fcr\u00fc Nedim Aslan, M\u00fcd\u00fcr Yard\u0131mc\u0131s\u0131 Musa Din\u00e7gez, Sosyal Yard\u0131mla\u015fma ve Dayan\u0131\u015fma Vakf\u0131 M\u00fcd\u00fcr\u00fc Yaman \u015eenol, Spor Hizmetleri M\u00fcd\u00fcr\u00fc Y\u0131lmaz Er\u015fen, \u015eube M\u00fcd\u00fcrleri Mustafa G\u00fcnay ve Hayati Duman ile \u00e7ok say\u0131da davetlinin kat\u0131ld\u0131\u011f\u0131 t\u00f6ren hem gururu hem mutlulu\u011fu ayn\u0131 sahnede bulu\u015fturdu. T\u00fcrkiye genelinde \u00e7e\u015fitli bran\u015flarda \u015fampiyonluk elde eden \u00f6\u011frenciler, sponsor i\u015f insanlar\u0131 taraf\u0131ndan \u00f6d\u00fcllendirildi.<br \/><\/p>\n","protected":false},"excerpt":{"rendered":"<p>Afyonkarahisar Spor Lisesi, T\u00fcrkiye \u015fampiyonluklar\u0131yla ta\u00e7lanan \u00f6\u011frencilerini g\u00f6rkemli bir \u00f6d\u00fcl t\u00f6reniyle onurland\u0131rd\u0131. Sporun birle\u015ftirici g\u00fcc\u00fcn\u00fc ve disiplinin meyvelerini g\u00f6zler \u00f6n\u00fcne seren etkinlik, yo\u011fun kat\u0131l\u0131mla ger\u00e7ekle\u015fti. \u0130l Milli E\u011fitim M\u00fcd\u00fcr\u00fc Mira\u00e7 S\u00fcnnetci, Gen\u00e7lik ve Spor \u0130l M\u00fcd\u00fcr\u00fc Nedim Aslan, M\u00fcd\u00fcr Yard\u0131mc\u0131s\u0131 Musa Din\u00e7gez, Sosyal Yard\u0131mla\u015fma ve Dayan\u0131\u015fma Vakf\u0131 M\u00fcd\u00fcr\u00fc Yaman \u015eenol, Spor Hizmetleri M\u00fcd\u00fcr\u00fc Y\u0131lmaz Er\u015fen,&#8230;<\/p>\n","protected":false},"author":1,"featured_media":34728,"comment_status":"open","ping_status":"open","sticky":false,"template":"","format":"standard","meta":{"_crdt_document":"","footnotes":""},"categories":[1],"tags":[],"class_list":["post-34727","post","type-post","status-publish","format-standard","has-post-thumbnail","hentry","category-guncel"],"_links":{"self":[{"href":"https:\/\/www.egemtv.com\/index.php?rest_route=\/wp\/v2\/posts\/34727","targetHints":{"allow":["GET"]}}],"collection":[{"href":"https:\/\/www.egemtv.com\/index.php?rest_route=\/wp\/v2\/posts"}],"about":[{"href":"https:\/\/www.egemtv.com\/index.php?rest_route=\/wp\/v2\/types\/post"}],"author":[{"embeddable":true,"href":"https:\/\/www.egemtv.com\/index.php?rest_route=\/wp\/v2\/users\/1"}],"replies":[{"embeddable":true,"href":"https:\/\/www.egemtv.com\/index.php?rest_route=%2Fwp%2Fv2%2Fcomments&post=34727"}],"version-history":[{"count":1,"href":"https:\/\/www.egemtv.com\/index.php?rest_route=\/wp\/v2\/posts\/34727\/revisions"}],"predecessor-version":[{"id":34729,"href":"https:\/\/www.egemtv.com\/index.php?rest_route=\/wp\/v2\/posts\/34727\/revisions\/34729"}],"wp:featuredmedia":[{"embeddable":true,"href":"https:\/\/www.egemtv.com\/index.php?rest_route=\/wp\/v2\/media\/34728"}],"wp:attachment":[{"href":"https:\/\/www.egemtv.com\/index.php?rest_route=%2Fwp%2Fv2%2Fmedia&parent=34727"}],"wp:term":[{"taxonomy":"category","embeddable":true,"href":"https:\/\/www.egemtv.com\/index.php?rest_route=%2Fwp%2Fv2%2Fcategories&post=34727"},{"taxonomy":"post_tag","embeddable":true,"href":"https:\/\/www.egemtv.com\/index.php?rest_route=%2Fwp%2Fv2%2Ftags&post=34727"}],"curies":[{"name":"wp","href":"https:\/\/api.w.org\/{rel}","templated":true}]}}