{"id":34631,"date":"2025-06-12T17:16:46","date_gmt":"2025-06-12T14:16:46","guid":{"rendered":"https:\/\/www.egemtv.com\/?p=34631"},"modified":"2025-06-12T17:16:51","modified_gmt":"2025-06-12T14:16:51","slug":"bodrumlu-cocuklardan-anlamli-mesaj-birak-tableti-telefonu-hayati-kacirma","status":"publish","type":"post","link":"https:\/\/www.egemtv.com\/?p=34631","title":{"rendered":"Bodrumlu \u00e7ocuklardan anlaml\u0131 mesaj: B\u0131rak tableti telefonu, hayat\u0131 ka\u00e7\u0131rma"},"content":{"rendered":"<p>Bodrum \u0130l\u00e7e Milli E\u011fitim M\u00fcd\u00fcrl\u00fc\u011f\u00fc b\u00fcnyesinde \u00e7al\u0131\u015fmalar\u0131n\u0131 s\u00fcrd\u00fcren Bodrum \u00c7oksesli \u00c7ocuk Korosu, dijital ba\u011f\u0131ml\u0131l\u0131k temal\u0131 \u015fark\u0131lar\u0131n\u0131n daha geni\u015f kitlelere ula\u015fmas\u0131 i\u00e7in bir klip haz\u0131rlad\u0131. Klipte, \u00e7ocuklar\u0131n ekran yerine birlikte vakit ge\u00e7irdi\u011fi ve a\u00e7\u0131k havada oyun oynad\u0131\u011f\u0131 sahneler yer al\u0131yor.<br \/>\n<br \/>Koronun \u015fefleri H\u00fcseyin Turgay Kutlu\u011f ve Serap Erkefeli, projeyle yaln\u0131zca \u00e7ocuklar\u0131 de\u011fil; ekran kar\u015f\u0131s\u0131nda vakit ge\u00e7irmeye al\u0131\u015fm\u0131\u015f bir\u00e7ok yeti\u015fkini de d\u00fc\u015f\u00fcnmeye davet ettiklerini ifade ediyor.<br \/>\n<br \/>Farkl\u0131 okullardan bir araya gelen 90 \u00f6\u011frencinin ses verdi\u011fi bu anlaml\u0131 \u00e7al\u0131\u015fma; \u00e7ocuklar\u0131n sesiyle g\u00fc\u00e7l\u00fc bir toplumsal mesaj sunuyor. \u015eark\u0131n\u0131n s\u00f6z ve m\u00fczi\u011fi ise H\u00fcseyin Turgay Kutlu\u011f\u2019a ait.<br \/><\/p>\n","protected":false},"excerpt":{"rendered":"<p>Bodrum \u0130l\u00e7e Milli E\u011fitim M\u00fcd\u00fcrl\u00fc\u011f\u00fc b\u00fcnyesinde \u00e7al\u0131\u015fmalar\u0131n\u0131 s\u00fcrd\u00fcren Bodrum \u00c7oksesli \u00c7ocuk Korosu, dijital ba\u011f\u0131ml\u0131l\u0131k temal\u0131 \u015fark\u0131lar\u0131n\u0131n daha geni\u015f kitlelere ula\u015fmas\u0131 i\u00e7in bir klip haz\u0131rlad\u0131. Klipte, \u00e7ocuklar\u0131n ekran yerine birlikte vakit ge\u00e7irdi\u011fi ve a\u00e7\u0131k havada oyun oynad\u0131\u011f\u0131 sahneler yer al\u0131yor. Koronun \u015fefleri H\u00fcseyin Turgay Kutlu\u011f ve Serap Erkefeli, projeyle yaln\u0131zca \u00e7ocuklar\u0131 de\u011fil; ekran kar\u015f\u0131s\u0131nda vakit ge\u00e7irmeye&#8230;<\/p>\n","protected":false},"author":1,"featured_media":34632,"comment_status":"open","ping_status":"open","sticky":false,"template":"","format":"standard","meta":{"_crdt_document":"","footnotes":""},"categories":[1],"tags":[],"class_list":["post-34631","post","type-post","status-publish","format-standard","has-post-thumbnail","hentry","category-guncel"],"_links":{"self":[{"href":"https:\/\/www.egemtv.com\/index.php?rest_route=\/wp\/v2\/posts\/34631","targetHints":{"allow":["GET"]}}],"collection":[{"href":"https:\/\/www.egemtv.com\/index.php?rest_route=\/wp\/v2\/posts"}],"about":[{"href":"https:\/\/www.egemtv.com\/index.php?rest_route=\/wp\/v2\/types\/post"}],"author":[{"embeddable":true,"href":"https:\/\/www.egemtv.com\/index.php?rest_route=\/wp\/v2\/users\/1"}],"replies":[{"embeddable":true,"href":"https:\/\/www.egemtv.com\/index.php?rest_route=%2Fwp%2Fv2%2Fcomments&post=34631"}],"version-history":[{"count":1,"href":"https:\/\/www.egemtv.com\/index.php?rest_route=\/wp\/v2\/posts\/34631\/revisions"}],"predecessor-version":[{"id":34633,"href":"https:\/\/www.egemtv.com\/index.php?rest_route=\/wp\/v2\/posts\/34631\/revisions\/34633"}],"wp:featuredmedia":[{"embeddable":true,"href":"https:\/\/www.egemtv.com\/index.php?rest_route=\/wp\/v2\/media\/34632"}],"wp:attachment":[{"href":"https:\/\/www.egemtv.com\/index.php?rest_route=%2Fwp%2Fv2%2Fmedia&parent=34631"}],"wp:term":[{"taxonomy":"category","embeddable":true,"href":"https:\/\/www.egemtv.com\/index.php?rest_route=%2Fwp%2Fv2%2Fcategories&post=34631"},{"taxonomy":"post_tag","embeddable":true,"href":"https:\/\/www.egemtv.com\/index.php?rest_route=%2Fwp%2Fv2%2Ftags&post=34631"}],"curies":[{"name":"wp","href":"https:\/\/api.w.org\/{rel}","templated":true}]}}