{"id":34628,"date":"2025-06-12T17:16:42","date_gmt":"2025-06-12T14:16:42","guid":{"rendered":"https:\/\/www.egemtv.com\/?p=34628"},"modified":"2025-06-12T17:16:46","modified_gmt":"2025-06-12T14:16:46","slug":"milyonluk-vurgun-yaptigi-iddia-edilen-kuyumcu-davasi-5inci-kez-ertelendi","status":"publish","type":"post","link":"https:\/\/www.egemtv.com\/?p=34628","title":{"rendered":"Milyonluk vurgun yapt\u0131\u011f\u0131 iddia edilen kuyumcu davas\u0131 5\u2019inci kez ertelendi"},"content":{"rendered":"<p>Ayd\u0131n\u2019\u0131n Efeler il\u00e7esinde, alt\u0131n ve para toplad\u0131\u011f\u0131 doktor ve esnaf\u0131 y\u00fcksek kazan\u00e7 vaadiyle doland\u0131rd\u0131\u011f\u0131 \u00f6ne s\u00fcr\u00fclen kuyumcu E.A.\u2019n\u0131n yarg\u0131land\u0131\u011f\u0131 dava, san\u0131\u011f\u0131n duru\u015fma g\u00fcn\u00fc avukat de\u011fi\u015ftirerek mahkemeden s\u00fcre talep etmesi \u00fczerine 5\u2019inci kez ertelendi.<\/p>\n<p>Olay, 2021 y\u0131l\u0131nda H\u00fck\u00fcmet Bulvar\u0131 \u00fczerinde bulunan bir kuyumcuda meydana geldi. Edinilen bilgiye g\u00f6re, kuyumcu E.A. m\u00fc\u015fterilerinden para kar\u015f\u0131l\u0131\u011f\u0131 ald\u0131\u011f\u0131 alt\u0131nlar\u0131n\u0131 muhafaza etti. Bir s\u00fcre sonra alt\u0131nlar\u0131 emanet eden m\u00fc\u015fteriler, kuyumcu E.A.\u2019ya ula\u015famad\u0131. E.A.\u2019n\u0131n d\u00fckkan\u0131n\u0131 da kapatmas\u0131 \u00fczerine doland\u0131r\u0131ld\u0131\u011f\u0131n\u0131 iddia eden m\u00fc\u015fteriler polise giderek E.A.\u2019dan \u015fikayet\u00e7i oldu. Ayd\u0131n \u0130l Emniyet M\u00fcd\u00fcrl\u00fc\u011f\u00fc Asayi\u015f \u015eube M\u00fcd\u00fcrl\u00fc\u011f\u00fc H\u0131rs\u0131zl\u0131k ve Doland\u0131r\u0131c\u0131l\u0131k B\u00fcro Amirli\u011fi ekipleri yap\u0131lan \u015fikayet sonras\u0131 olayla ilgili inceleme ba\u015flatt\u0131. Polis ekipleri kepengini a\u00e7arak i\u00e7eriye girdikleri d\u00fckkanda de\u011ferli ziynet e\u015fyalar\u0131n\u0131 kay\u0131t alt\u0131na alarak, tutanak d\u00fczenledi. \u0130ddiaya g\u00f6re m\u00fc\u015fterilerinin alacaklar\u0131 i\u00e7in polise \u015fikayette bulundu\u011fu \u00f6\u011frenilen kuyumcu E.A emniyete giderek teslim oldu. Emniyetteki i\u015flemleri tamamlanan E.A. sevk edildi\u011fi mahkeme taraf\u0131ndan adli kontrol \u015fart\u0131 ile serbest b\u0131rak\u0131ld\u0131.<\/p>\n<p>Ayd\u0131n Cumhuriyet Ba\u015fsavc\u0131l\u0131\u011f\u0131 taraf\u0131ndan haz\u0131rlanan iddianamede, 30 ki\u015finin ma\u011fdur edildi\u011fi 15 ki\u015finin de resmi \u015fikayet\u00e7i oldu\u011fu belirtildi. Mahkeme, ilk yarg\u0131lamada san\u0131\u011f\u0131 \u2019g\u00fcveni k\u00f6t\u00fcye kullanma\u2019 su\u00e7undan toplam 18 y\u0131l 9 ay hapis ve 225 bin TL adli para cezas\u0131na \u00e7arpt\u0131rd\u0131. Ancak dosya, san\u0131k ve ma\u011fdur avukatlar\u0131n\u0131n itiraz\u0131yla \u0130zmir B\u00f6lge Adliye Mahkemesi\u2019ne ta\u015f\u0131nd\u0131. \u0130stinaf mahkemesi verilen cezay\u0131 yeterli bulmayarak karar\u0131 bozdu ve dosya yeniden Ayd\u0131n 1. Asliye Ceza Mahkemesi\u2019ne d\u00f6nd\u00fc. San\u0131k E.A. \u00f6nceki duru\u015fmalarda ma\u011fdurlar taraf\u0131ndan tehdit edildi\u011fini iddia ederek mahkemeye ses kay\u0131tlar\u0131 sundu. Ancak bilirki\u015fi incelemesinde bu iddialara ili\u015fkin herhangi bir su\u00e7 unsuruna rastlanmad\u0131.<\/p>\n<p>Duru\u015fma g\u00fcn\u00fcnde yeni avukat, yeni erteleme<br \/>\n<br \/>San\u0131\u011f\u0131n son duru\u015fmada yeni bir avukatla mahkemeye \u00e7\u0131kmas\u0131, davan\u0131n be\u015finci kez ertelenmesine neden olurken, yeni avukat\u0131n s\u00fcre talebi \u00fczerine duru\u015fma 10 Temmuz 2025\u2019e b\u0131rak\u0131ld\u0131.<br \/><\/p>\n","protected":false},"excerpt":{"rendered":"<p>Ayd\u0131n\u2019\u0131n Efeler il\u00e7esinde, alt\u0131n ve para toplad\u0131\u011f\u0131 doktor ve esnaf\u0131 y\u00fcksek kazan\u00e7 vaadiyle doland\u0131rd\u0131\u011f\u0131 \u00f6ne s\u00fcr\u00fclen kuyumcu E.A.\u2019n\u0131n yarg\u0131land\u0131\u011f\u0131 dava, san\u0131\u011f\u0131n duru\u015fma g\u00fcn\u00fc avukat de\u011fi\u015ftirerek mahkemeden s\u00fcre talep etmesi \u00fczerine 5\u2019inci kez ertelendi. Olay, 2021 y\u0131l\u0131nda H\u00fck\u00fcmet Bulvar\u0131 \u00fczerinde bulunan bir kuyumcuda meydana geldi. Edinilen bilgiye g\u00f6re, kuyumcu E.A. m\u00fc\u015fterilerinden para kar\u015f\u0131l\u0131\u011f\u0131 ald\u0131\u011f\u0131 alt\u0131nlar\u0131n\u0131 muhafaza&#8230;<\/p>\n","protected":false},"author":1,"featured_media":34629,"comment_status":"open","ping_status":"open","sticky":false,"template":"","format":"standard","meta":{"_crdt_document":"","footnotes":""},"categories":[5],"tags":[],"class_list":["post-34628","post","type-post","status-publish","format-standard","has-post-thumbnail","hentry","category-asayis"],"_links":{"self":[{"href":"https:\/\/www.egemtv.com\/index.php?rest_route=\/wp\/v2\/posts\/34628","targetHints":{"allow":["GET"]}}],"collection":[{"href":"https:\/\/www.egemtv.com\/index.php?rest_route=\/wp\/v2\/posts"}],"about":[{"href":"https:\/\/www.egemtv.com\/index.php?rest_route=\/wp\/v2\/types\/post"}],"author":[{"embeddable":true,"href":"https:\/\/www.egemtv.com\/index.php?rest_route=\/wp\/v2\/users\/1"}],"replies":[{"embeddable":true,"href":"https:\/\/www.egemtv.com\/index.php?rest_route=%2Fwp%2Fv2%2Fcomments&post=34628"}],"version-history":[{"count":1,"href":"https:\/\/www.egemtv.com\/index.php?rest_route=\/wp\/v2\/posts\/34628\/revisions"}],"predecessor-version":[{"id":34630,"href":"https:\/\/www.egemtv.com\/index.php?rest_route=\/wp\/v2\/posts\/34628\/revisions\/34630"}],"wp:featuredmedia":[{"embeddable":true,"href":"https:\/\/www.egemtv.com\/index.php?rest_route=\/wp\/v2\/media\/34629"}],"wp:attachment":[{"href":"https:\/\/www.egemtv.com\/index.php?rest_route=%2Fwp%2Fv2%2Fmedia&parent=34628"}],"wp:term":[{"taxonomy":"category","embeddable":true,"href":"https:\/\/www.egemtv.com\/index.php?rest_route=%2Fwp%2Fv2%2Fcategories&post=34628"},{"taxonomy":"post_tag","embeddable":true,"href":"https:\/\/www.egemtv.com\/index.php?rest_route=%2Fwp%2Fv2%2Ftags&post=34628"}],"curies":[{"name":"wp","href":"https:\/\/api.w.org\/{rel}","templated":true}]}}