{"id":34625,"date":"2025-06-12T16:56:09","date_gmt":"2025-06-12T13:56:09","guid":{"rendered":"https:\/\/www.egemtv.com\/?p=34625"},"modified":"2025-06-12T16:56:14","modified_gmt":"2025-06-12T13:56:14","slug":"denizli-gazisine-askeri-torenle-veda-etti","status":"publish","type":"post","link":"https:\/\/www.egemtv.com\/?p=34625","title":{"rendered":"Denizli gazisine askeri t\u00f6renle veda etti"},"content":{"rendered":"<p>T\u00fcrkiye Harp Malul\u00fc Gaziler \u015eehit Dul ve Yetimleri Derne\u011fi Denizli \u015eubesi \u00fcyesi olan ter\u00f6rle m\u00fccadele gazisi Erdal Turhan, tedavi g\u00f6rd\u00fc\u011f\u00fc hastanede hayat\u0131n\u0131 kaybetti. Gazi Turhan, d\u00fczenlenen askeri t\u00f6renle son yolculu\u011funa u\u011furland\u0131.<\/p>\n<p>Denizli\u2019de ya\u015fayan ve bir s\u00fcredir rahats\u0131zl\u0131\u011f\u0131 nedeniyle tedavi g\u00f6rmekte olan 49 ya\u015f\u0131ndaki ter\u00f6rle m\u00fccadele gazisi Erdal Turhan, Kurban Bayram\u0131nda durumunun k\u00f6t\u00fcle\u015fmesi \u00fczerine ambulansla hastaneye kald\u0131r\u0131ld\u0131. Tedavi alt\u0131nda al\u0131nd\u0131\u011f\u0131 hastanede, doktorlar taraf\u0131ndan yap\u0131lan t\u00fcm m\u00fcdahalelere ra\u011fmen kurtar\u0131lamayan Erdal Turhan i\u00e7in askeri t\u00f6ren d\u00fczenlendi.<\/p>\n<p>Denizli Do\u011fa Koruma ve Milli Parklar \u015eube M\u00fcd\u00fcrl\u00fc\u011f\u00fcnden emekli olan Gazinin T\u00fcrk bayra\u011f\u0131na sar\u0131lan cenazesi, Asri Mezarl\u0131k Camisine getirildi. Askeri erkan, dernek \u00fcyeleri ve ailesinin kat\u0131ld\u0131\u011f\u0131 t\u00f6rende, k\u0131l\u0131nan cenaze namaz\u0131n\u0131n ard\u0131ndan Erdal Turhan\u2019\u0131n cenazesi Asri Mezarl\u0131kta dualarla son yolculu\u011funa u\u011furland\u0131.<br \/><\/p>\n","protected":false},"excerpt":{"rendered":"<p>T\u00fcrkiye Harp Malul\u00fc Gaziler \u015eehit Dul ve Yetimleri Derne\u011fi Denizli \u015eubesi \u00fcyesi olan ter\u00f6rle m\u00fccadele gazisi Erdal Turhan, tedavi g\u00f6rd\u00fc\u011f\u00fc hastanede hayat\u0131n\u0131 kaybetti. Gazi Turhan, d\u00fczenlenen askeri t\u00f6renle son yolculu\u011funa u\u011furland\u0131. Denizli\u2019de ya\u015fayan ve bir s\u00fcredir rahats\u0131zl\u0131\u011f\u0131 nedeniyle tedavi g\u00f6rmekte olan 49 ya\u015f\u0131ndaki ter\u00f6rle m\u00fccadele gazisi Erdal Turhan, Kurban Bayram\u0131nda durumunun k\u00f6t\u00fcle\u015fmesi \u00fczerine ambulansla hastaneye&#8230;<\/p>\n","protected":false},"author":1,"featured_media":34626,"comment_status":"open","ping_status":"open","sticky":false,"template":"","format":"standard","meta":{"_crdt_document":"","footnotes":""},"categories":[5],"tags":[],"class_list":["post-34625","post","type-post","status-publish","format-standard","has-post-thumbnail","hentry","category-asayis"],"_links":{"self":[{"href":"https:\/\/www.egemtv.com\/index.php?rest_route=\/wp\/v2\/posts\/34625","targetHints":{"allow":["GET"]}}],"collection":[{"href":"https:\/\/www.egemtv.com\/index.php?rest_route=\/wp\/v2\/posts"}],"about":[{"href":"https:\/\/www.egemtv.com\/index.php?rest_route=\/wp\/v2\/types\/post"}],"author":[{"embeddable":true,"href":"https:\/\/www.egemtv.com\/index.php?rest_route=\/wp\/v2\/users\/1"}],"replies":[{"embeddable":true,"href":"https:\/\/www.egemtv.com\/index.php?rest_route=%2Fwp%2Fv2%2Fcomments&post=34625"}],"version-history":[{"count":1,"href":"https:\/\/www.egemtv.com\/index.php?rest_route=\/wp\/v2\/posts\/34625\/revisions"}],"predecessor-version":[{"id":34627,"href":"https:\/\/www.egemtv.com\/index.php?rest_route=\/wp\/v2\/posts\/34625\/revisions\/34627"}],"wp:featuredmedia":[{"embeddable":true,"href":"https:\/\/www.egemtv.com\/index.php?rest_route=\/wp\/v2\/media\/34626"}],"wp:attachment":[{"href":"https:\/\/www.egemtv.com\/index.php?rest_route=%2Fwp%2Fv2%2Fmedia&parent=34625"}],"wp:term":[{"taxonomy":"category","embeddable":true,"href":"https:\/\/www.egemtv.com\/index.php?rest_route=%2Fwp%2Fv2%2Fcategories&post=34625"},{"taxonomy":"post_tag","embeddable":true,"href":"https:\/\/www.egemtv.com\/index.php?rest_route=%2Fwp%2Fv2%2Ftags&post=34625"}],"curies":[{"name":"wp","href":"https:\/\/api.w.org\/{rel}","templated":true}]}}