{"id":34622,"date":"2025-06-12T16:56:03","date_gmt":"2025-06-12T13:56:03","guid":{"rendered":"https:\/\/www.egemtv.com\/?p=34622"},"modified":"2025-06-12T16:56:09","modified_gmt":"2025-06-12T13:56:09","slug":"denizli-sirketler-basketbol-liginde-2025-sezonu-basliyor","status":"publish","type":"post","link":"https:\/\/www.egemtv.com\/?p=34622","title":{"rendered":"Denizli \u015eirketler Basketbol Ligi\u2019nde 2025 sezonu ba\u015fl\u0131yor"},"content":{"rendered":"<p>Denizli Sanayi Odas\u0131 (DSO) ve Denizli Basketbol Geli\u015ftirme Derne\u011fi (DEBAGED) i\u015f birli\u011fiyle bu y\u0131l ikincisi d\u00fczenlenen ve \u015firketler i\u00e7i aidiyet ve tak\u0131mda\u015fl\u0131k ruhuna katk\u0131 sunmas\u0131 hedeflenen \u2018Denizli \u015eirketler Basketbol Ligi 2025 Sezonu Fikst\u00fcr Kura \u00c7ekimi\u2019 DSO M. Feridun Alpat Konferans Salonu\u2019nda ger\u00e7ekle\u015ftirildi.<br \/>\n<br \/>Kura \u00e7ekimi, ge\u00e7ti\u011fimiz y\u0131l ligden elde edilen gelirle Ac\u0131payam, Babada\u011f, \u00c7ardak ve Honaz il\u00e7elerindeki okullara ula\u015ft\u0131r\u0131lan yeni basketbol potalar\u0131 ve toplar\u0131n\u0131n da\u011f\u0131t\u0131m\u0131 s\u0131ras\u0131nda \u00e7ekilen videonun g\u00f6sterimiyle ba\u015flad\u0131. Videoda, \u00e7ocuklar\u0131m\u0131z\u0131n ve gen\u00e7lerimizin basketbol sevgisini g\u00fc\u00e7lendiren projenin bu y\u0131l da devam edecek olmas\u0131n\u0131n lige ayr\u0131 bir anlam kazand\u0131rd\u0131\u011f\u0131 belirtildi. Kura \u00e7ekimi, DSO Y\u00f6netim Kurulu Ba\u015fkan\u0131 Selim Kasapo\u011flu ve DEBAGED Ba\u015fkan\u0131 Sinan Soylu\u2019nun a\u00e7\u0131l\u0131\u015f konu\u015fmalar\u0131yla devam etti.<\/p>\n<p>&#8220;Gen\u00e7lerimizin ve \u00e7ocuklar\u0131m\u0131z\u0131n basketbol sevgisini g\u00fc\u00e7lendirdik&#8221;<br \/>\n<br \/>Ligin \u015fehir ve sanayi \u00fczerindeki olumlu etkilerini vurgulayarak konu\u015fmas\u0131na ba\u015flayan Ba\u015fkan Kasapo\u011flu, ligin sadece bir spor etkinli\u011fi olman\u0131n \u00f6tesinde, \u015firket i\u00e7i ileti\u015fimi ve motivasyonu art\u0131rd\u0131\u011f\u0131n\u0131, ayn\u0131 zamanda \u015firketler aras\u0131 ili\u015fkileri g\u00fc\u00e7lendirdi\u011fini belirtti. Ge\u00e7ti\u011fimiz y\u0131lki turnuvadan elde edilen gelirle il\u00e7elerdeki okullara basketbol potalar\u0131 ve toplar\u0131 g\u00f6nderilmesinin, \u00e7ocuklar\u0131n basketbolla tan\u0131\u015fmas\u0131na vesile oldu\u011funu ve bunun kendileri i\u00e7in bir mutluluk kayna\u011f\u0131 oldu\u011funu ifade eden Kasapo\u011flu, &#8220;\u015eehrimizin farkl\u0131 okullar\u0131nda, il\u00e7elerinde, k\u00f6ylerinde spor malzeme deste\u011fi sa\u011flad\u0131k. Bu sayede gen\u00e7lerimizin ve \u00e7ocuklar\u0131m\u0131z\u0131n basketbol sevgisini g\u00fc\u00e7lendirdik&#8221; ifadelerini kulland\u0131.<\/p>\n<p>&#8220;\u015eehrimize ve sanayiye dokunan her projenin i\u00e7inde olmak istiyoruz&#8221;<br \/>\n<br \/>Ayn\u0131 heyecan ve motivasyonla bu y\u0131lki organizasyonu da tamamlamay\u0131 hedeflediklerini dile getiren Ba\u015fkan Kasapo\u011flu, &#8220;Ge\u00e7en y\u0131l b\u00fcy\u00fck bir co\u015fkuyla ba\u015flatt\u0131\u011f\u0131m\u0131z bu ligin, \u015firketler aras\u0131 ileti\u015fimi ve dayan\u0131\u015fmay\u0131 art\u0131rma hedefimize ula\u015ft\u0131\u011f\u0131n\u0131 g\u00f6rmekten b\u00fcy\u00fck mutluluk duyuyoruz. Ge\u00e7en y\u0131l hepimiz son saniyelerde gelen say\u0131larla, k\u0131ran k\u0131rana ge\u00e7en m\u00fccadelelere \u015fahit olmu\u015ftuk. Bu y\u0131l da 20 \u015firket tak\u0131m\u0131m\u0131z \u015fampiyonluk i\u00e7in sahada ter d\u00f6kecek. \u0130\u015fin stresinden bir an olsun uzakla\u015facak. \u015eirketlerimiz i\u00e7inde aidiyet duygusu ve tak\u0131mda\u015fl\u0131k ruhu peki\u015fecek&#8221; dedi.<br \/>\n<br \/>Sanayinin zor zamanlardan ge\u00e7ti\u011fini belirterek, bu d\u00f6nemde sportif faaliyetlerin pozitif etkisine dikkat \u00e7eken Kasapo\u011flu, &#8220;Bu t\u00fcr aktivitelerin ve etkinliklerin herkese iyi gelece\u011fini d\u00fc\u015f\u00fcn\u00fcyorum. Bu turnuvan\u0131n uzun y\u0131llar devam etmesini, geleneksel hale gelerek \u015fehrimize ve sanayimize katk\u0131 sa\u011flamas\u0131n\u0131 temenni ediyorum. Biz Denizli Sanayi Odas\u0131 olarak, ba\u015fta bu turnuva olmak \u00fczere \u015fehre dokunan, sanayiye dokunan her t\u00fcrl\u00fc projenin i\u00e7inde olmak istiyoruz&#8221; diyerek, projeye verdikleri emek i\u00e7in DEBAGED y\u00f6neticilerine ve kat\u0131lan t\u00fcm tak\u0131mlara te\u015fekk\u00fcr etti.<\/p>\n<p>&#8220;Olumlu \u00e7\u0131kt\u0131lar\u0131 olan bir turnuva haline geldi&#8221;<br \/>\n<br \/>DEBAGED Ba\u015fkan\u0131 Soylu, ligin hem \u015firketler hem de Denizli i\u00e7in ta\u015f\u0131d\u0131\u011f\u0131 \u00f6neme dikkat \u00e7ekerek, &#8220;Ge\u00e7en sene ilkini ger\u00e7ekle\u015ftirdi\u011fimiz turnuva hem \u015firketler a\u00e7\u0131s\u0131ndan hem sanayi odas\u0131 a\u00e7\u0131s\u0131ndan hem de dernek a\u00e7\u0131s\u0131ndan \u00e7ok olumlu \u00e7\u0131kt\u0131lar\u0131 olan bir turnuva haline geldi&#8221; \u015feklinde konu\u015ftu.<br \/>\n<br \/>Turnuva biter bitmez tekrar talep gelmeye ba\u015flad\u0131\u011f\u0131n\u0131 belirten Soylu, ligin devaml\u0131l\u0131\u011f\u0131na olan inanc\u0131n\u0131 dile getirdi. Denizli\u2019de basketbol sevgisini, hatta sporun t\u00fcm bran\u015flar\u0131n\u0131 desteklemeyi hedeflediklerini belirten Soylu, Denizli Sanayi Odas\u0131 ile b\u00f6yle bir i\u015f birli\u011fine girmenin kendileri i\u00e7in \u00e7ok k\u0131ymetli oldu\u011funu ve tarif edilemez bir mutluluk duyduklar\u0131n\u0131 s\u00f6yledi.<br \/>\n<br \/>Ge\u00e7en y\u0131lki turnuvan\u0131n \u015firketlerin birbiriyle olan ili\u015fkilerini, kendi i\u00e7lerindeki ileti\u015fimlerini ve \u015firket \u00e7al\u0131\u015fanlar\u0131n\u0131n \u015firketlerine olan aidiyetlerini art\u0131rd\u0131\u011f\u0131n\u0131 vurgulayan Soylu, &#8220;Bir profesyonel spor tak\u0131m\u0131nda olan forma ve arma a\u015fk\u0131n\u0131n \u015firketlere yans\u0131mas\u0131n\u0131n, \u015firketler a\u00e7\u0131s\u0131ndan da pozitif bir etki olu\u015fturdu\u011funu d\u00fc\u015f\u00fcn\u00fcyorum&#8221; dedi.<br \/>\n<br \/>Bu y\u0131lki sezonun sakatl\u0131ks\u0131z, g\u00fczel m\u00fccadelelere sahne olan ve dostane bir turnuva olmas\u0131n\u0131 temenni eden Soylu, kat\u0131lan firmalara te\u015fekk\u00fcr ederek, &#8220;\u0130n\u015fallah g\u00fczel ma\u00e7lar bizi bekliyor. Pazar g\u00fcn\u00fc, ikinci sezonun ilk g\u00fcn\u00fcyle turnuvaya start verece\u011fiz&#8221; diyerek konu\u015fmas\u0131n\u0131 tamamlad\u0131.<\/p>\n<p>20 \u015firket tak\u0131m\u0131 m\u00fccadele edecek, heyecan 15 Haziran\u2019da ba\u015fl\u0131yor<br \/>\n<br \/>Konu\u015fmalar\u0131n ard\u0131ndan DEBAGED Genel Sekreteri Taylan Erdo\u011fmu\u015f\u2019un y\u00f6netiminde ger\u00e7ekle\u015ftirilen kura \u00e7ekimiyle birlikte tak\u0131mlar\u0131n e\u015fle\u015fmeleri belirlendi. Asl\u0131teks Tekstil ad\u0131na Ba\u015fkan Kasapo\u011flu, Dalaman Orman \u00dcr\u00fcnleri ad\u0131na Ba\u015fkan Soylu kura \u00e7ekimine kat\u0131l\u0131rken, tak\u0131mlar 5\u2019erli 4 grupta m\u00fccadele edecek \u015fekilde e\u015fle\u015fti.<br \/>\n<br \/>Ge\u00e7en y\u0131l \u015fampiyonluk kupas\u0131n\u0131 Sirius tak\u0131m\u0131n\u0131n, dostluk kupas\u0131n\u0131 Asl\u0131teks Tekstil\u2019in kald\u0131rd\u0131\u011f\u0131 ligde, bu y\u0131l DSO \u00fcyesi firmalar\u0131n \u00e7al\u0131\u015fanlar\u0131ndan olu\u015fan 20 \u015firket tak\u0131m\u0131 \u015fampiyonluk i\u00e7in m\u00fccadele edecek. Heyecan dolu lig, 15 Haziran 2025 Pazar g\u00fcn\u00fc saat 12.30\u2019da Mektebim Koleji Spor Salonu\u2019nda oynanacak ilk g\u00fcn ma\u00e7lar\u0131yla ba\u015flayacak.<br \/>\n<br \/>Gruplar\u0131nda tek devre lig usul\u00fc oynanacak ma\u00e7lar\u0131n ard\u0131ndan, ilk iki s\u0131ray\u0131 alan tak\u0131mlar \u015fampiyonluk yolunda yar\u0131 final gruplar\u0131na y\u00fckselecek. Grup s\u0131ralamas\u0131nda 3. ve 4. olan tak\u0131mlar ise &#8220;2025 Sezonu Dostluk Kupas\u0131&#8221; i\u00e7in bir sonraki tura ge\u00e7me hakk\u0131 kazanacak. Gruplar\u0131nda 5. olan tak\u0131mlar ise grup ma\u00e7lar\u0131yla bu sezonu tamamlam\u0131\u015f olacak. Yar\u0131 final gruplar\u0131 sonras\u0131 ise nefes kesen &#8220;Final Four&#8221; kar\u015f\u0131la\u015fmalar\u0131 oynanacak.<br \/><\/p>\n","protected":false},"excerpt":{"rendered":"<p>Denizli Sanayi Odas\u0131 (DSO) ve Denizli Basketbol Geli\u015ftirme Derne\u011fi (DEBAGED) i\u015f birli\u011fiyle bu y\u0131l ikincisi d\u00fczenlenen ve \u015firketler i\u00e7i aidiyet ve tak\u0131mda\u015fl\u0131k ruhuna katk\u0131 sunmas\u0131 hedeflenen \u2018Denizli \u015eirketler Basketbol Ligi 2025 Sezonu Fikst\u00fcr Kura \u00c7ekimi\u2019 DSO M. Feridun Alpat Konferans Salonu\u2019nda ger\u00e7ekle\u015ftirildi. Kura \u00e7ekimi, ge\u00e7ti\u011fimiz y\u0131l ligden elde edilen gelirle Ac\u0131payam, Babada\u011f, \u00c7ardak ve Honaz&#8230;<\/p>\n","protected":false},"author":1,"featured_media":34623,"comment_status":"open","ping_status":"open","sticky":false,"template":"","format":"standard","meta":{"_crdt_document":"","footnotes":""},"categories":[4],"tags":[],"class_list":["post-34622","post","type-post","status-publish","format-standard","has-post-thumbnail","hentry","category-spor"],"_links":{"self":[{"href":"https:\/\/www.egemtv.com\/index.php?rest_route=\/wp\/v2\/posts\/34622","targetHints":{"allow":["GET"]}}],"collection":[{"href":"https:\/\/www.egemtv.com\/index.php?rest_route=\/wp\/v2\/posts"}],"about":[{"href":"https:\/\/www.egemtv.com\/index.php?rest_route=\/wp\/v2\/types\/post"}],"author":[{"embeddable":true,"href":"https:\/\/www.egemtv.com\/index.php?rest_route=\/wp\/v2\/users\/1"}],"replies":[{"embeddable":true,"href":"https:\/\/www.egemtv.com\/index.php?rest_route=%2Fwp%2Fv2%2Fcomments&post=34622"}],"version-history":[{"count":1,"href":"https:\/\/www.egemtv.com\/index.php?rest_route=\/wp\/v2\/posts\/34622\/revisions"}],"predecessor-version":[{"id":34624,"href":"https:\/\/www.egemtv.com\/index.php?rest_route=\/wp\/v2\/posts\/34622\/revisions\/34624"}],"wp:featuredmedia":[{"embeddable":true,"href":"https:\/\/www.egemtv.com\/index.php?rest_route=\/wp\/v2\/media\/34623"}],"wp:attachment":[{"href":"https:\/\/www.egemtv.com\/index.php?rest_route=%2Fwp%2Fv2%2Fmedia&parent=34622"}],"wp:term":[{"taxonomy":"category","embeddable":true,"href":"https:\/\/www.egemtv.com\/index.php?rest_route=%2Fwp%2Fv2%2Fcategories&post=34622"},{"taxonomy":"post_tag","embeddable":true,"href":"https:\/\/www.egemtv.com\/index.php?rest_route=%2Fwp%2Fv2%2Ftags&post=34622"}],"curies":[{"name":"wp","href":"https:\/\/api.w.org\/{rel}","templated":true}]}}