{"id":34619,"date":"2025-06-12T16:36:17","date_gmt":"2025-06-12T13:36:17","guid":{"rendered":"https:\/\/www.egemtv.com\/?p=34619"},"modified":"2025-06-12T16:36:17","modified_gmt":"2025-06-12T13:36:17","slug":"makuta-deprem-ve-afet-egitimi-verildi","status":"publish","type":"post","link":"https:\/\/www.egemtv.com\/?p=34619","title":{"rendered":"MAKUT\u2019a deprem ve afet e\u011fitimi verildi"},"content":{"rendered":"<p>Merkezefendi Belediyesi\u2019nin kurdu\u011fu 36 ki\u015filik Merkezefendi Arama Kurtarma Ekibi (MAKUT), deprem ve afetlere kar\u015f\u0131 haz\u0131rl\u0131klar\u0131n\u0131 aral\u0131ks\u0131z s\u00fcrd\u00fcr\u00fcyor.<\/p>\n<p>Merkezefendi il\u00e7esi genelindeki \u00e7al\u0131\u015fmalar\u0131na devam eden Merkezefendi Belediyesi, deprem ve afetlere y\u00f6nelik faaliyetlerini de s\u00fcrd\u00fcr\u00fcyor. Deprem konusunun her zaman \u00f6ncelikli oldu\u011fu Merkezefendi Belediyesi\u2019nce kurulan Merkezefendi Arama Kurtarma Ekibine (MAKUT), AFAD \u0130l M\u00fcd\u00fcrl\u00fc\u011f\u00fc taraf\u0131ndan verilen \u2018Afet ve Yang\u0131n Fark\u0131ndal\u0131k E\u011fitimi\u2019 ba\u015far\u0131yla tamamland\u0131. Ekip, e\u011fitim s\u00fcrecini yang\u0131n s\u00f6nd\u00fcrme tatbikat\u0131 ile sonland\u0131rd\u0131.<\/p>\n<p>AFAD uzmanlar\u0131 taraf\u0131ndan verilen e\u011fitimde; deprem, yang\u0131n ve di\u011fer afet t\u00fcrlerinde do\u011fru davran\u0131\u015f \u015fekilleri ile m\u00fcdahale y\u00f6ntemleri anlat\u0131ld\u0131. E\u011fitimin ard\u0131ndan Merkezefendi Belediyesi Afet M\u00fcd\u00fcrl\u00fc\u011f\u00fc\u2019n\u00fcn e\u011fitim sahas\u0131nda ger\u00e7ekle\u015ftirilen tatbikatta ekip \u00fcyeleri, senaryo gere\u011fi \u00e7\u0131kan yang\u0131na m\u00fcdahale ederek \u00f6\u011frendiklerini uygulamal\u0131 olarak peki\u015ftirdi.<br \/><\/p>\n","protected":false},"excerpt":{"rendered":"<p>Merkezefendi Belediyesi\u2019nin kurdu\u011fu 36 ki\u015filik Merkezefendi Arama Kurtarma Ekibi (MAKUT), deprem ve afetlere kar\u015f\u0131 haz\u0131rl\u0131klar\u0131n\u0131 aral\u0131ks\u0131z s\u00fcrd\u00fcr\u00fcyor. Merkezefendi il\u00e7esi genelindeki \u00e7al\u0131\u015fmalar\u0131na devam eden Merkezefendi Belediyesi, deprem ve afetlere y\u00f6nelik faaliyetlerini de s\u00fcrd\u00fcr\u00fcyor. Deprem konusunun her zaman \u00f6ncelikli oldu\u011fu Merkezefendi Belediyesi\u2019nce kurulan Merkezefendi Arama Kurtarma Ekibine (MAKUT), AFAD \u0130l M\u00fcd\u00fcrl\u00fc\u011f\u00fc taraf\u0131ndan verilen \u2018Afet ve Yang\u0131n Fark\u0131ndal\u0131k&#8230;<\/p>\n","protected":false},"author":1,"featured_media":34620,"comment_status":"open","ping_status":"open","sticky":false,"template":"","format":"standard","meta":{"_crdt_document":"","footnotes":""},"categories":[1],"tags":[],"class_list":["post-34619","post","type-post","status-publish","format-standard","has-post-thumbnail","hentry","category-guncel"],"_links":{"self":[{"href":"https:\/\/www.egemtv.com\/index.php?rest_route=\/wp\/v2\/posts\/34619","targetHints":{"allow":["GET"]}}],"collection":[{"href":"https:\/\/www.egemtv.com\/index.php?rest_route=\/wp\/v2\/posts"}],"about":[{"href":"https:\/\/www.egemtv.com\/index.php?rest_route=\/wp\/v2\/types\/post"}],"author":[{"embeddable":true,"href":"https:\/\/www.egemtv.com\/index.php?rest_route=\/wp\/v2\/users\/1"}],"replies":[{"embeddable":true,"href":"https:\/\/www.egemtv.com\/index.php?rest_route=%2Fwp%2Fv2%2Fcomments&post=34619"}],"version-history":[{"count":1,"href":"https:\/\/www.egemtv.com\/index.php?rest_route=\/wp\/v2\/posts\/34619\/revisions"}],"predecessor-version":[{"id":34621,"href":"https:\/\/www.egemtv.com\/index.php?rest_route=\/wp\/v2\/posts\/34619\/revisions\/34621"}],"wp:featuredmedia":[{"embeddable":true,"href":"https:\/\/www.egemtv.com\/index.php?rest_route=\/wp\/v2\/media\/34620"}],"wp:attachment":[{"href":"https:\/\/www.egemtv.com\/index.php?rest_route=%2Fwp%2Fv2%2Fmedia&parent=34619"}],"wp:term":[{"taxonomy":"category","embeddable":true,"href":"https:\/\/www.egemtv.com\/index.php?rest_route=%2Fwp%2Fv2%2Fcategories&post=34619"},{"taxonomy":"post_tag","embeddable":true,"href":"https:\/\/www.egemtv.com\/index.php?rest_route=%2Fwp%2Fv2%2Ftags&post=34619"}],"curies":[{"name":"wp","href":"https:\/\/api.w.org\/{rel}","templated":true}]}}