{"id":34616,"date":"2025-06-12T16:36:11","date_gmt":"2025-06-12T13:36:11","guid":{"rendered":"https:\/\/www.egemtv.com\/?p=34616"},"modified":"2025-06-12T16:36:16","modified_gmt":"2025-06-12T13:36:16","slug":"chp-lideri-ozel-gundemi-degerlendirdi","status":"publish","type":"post","link":"https:\/\/www.egemtv.com\/?p=34616","title":{"rendered":"CHP Lideri \u00d6zel g\u00fcndemi de\u011ferlendirdi"},"content":{"rendered":"<p>Manisa\u2019daki evinde elektrik ak\u0131m\u0131na kap\u0131larak hayat\u0131n\u0131 kaybeden Manisa B\u00fcy\u00fck\u015fehir Belediye Ba\u015fkan\u0131 Ferdi Zeyrek\u2019in vefat\u0131n\u0131n 3\u2019\u00fcnc\u00fc g\u00fcn\u00fcnde de Manisa\u2019da olan CHP Genel Ba\u015fkan\u0131 \u00d6zg\u00fcr \u00d6zel d\u00fczenledi\u011fi bas\u0131n toplant\u0131s\u0131nda g\u00fcndemi de\u011ferlendirdi.<br \/>\n<br \/>Manisa\u2019daki evinde 6 Haziran g\u00fcn\u00fc elektrik ak\u0131m\u0131na kap\u0131larak a\u011f\u0131r yaralanan ve tedavi g\u00f6rd\u00fc\u011f\u00fc Manisa Celal Bayar \u00dcniversitesi Hafsa Sultan Hastanesinde 9 Haziran\u2019da hayat\u0131n kaybeden ve 10 Haziran\u2019da on binlerce vatanda\u015f\u0131n kat\u0131l\u0131m\u0131yla topra\u011fa verilen Manisa B\u00fcy\u00fck\u015fehir Belediye Ba\u015fkan\u0131 Ferdi Zeyrek\u2019in taziye kabul\u00fc i\u00e7in Fatih Sergi Salonunda bulunan CHP Genel Ba\u015fkan\u0131 \u00d6zg\u00fcr \u00d6zel taziye kabul\u00fc \u00f6ncesi bas\u0131n mensuplar\u0131na a\u00e7\u0131klamalarda bulundu.<\/p>\n<p>&#8220;Ferdi Ba\u015fkan ya\u015farken yapt\u0131\u011f\u0131 bir \u015feyi \u00f6l\u00fcm\u00fcyle en \u00fcst noktaya \u00e7\u0131kard\u0131&#8221;<br \/>\n<br \/>A\u00e7\u0131klamas\u0131na ulusal ve yerel bas\u0131na te\u015fekk\u00fcr ederek ba\u015flayan \u00d6zel, &#8220;T\u00fcrkiye, Manisa\u2019n\u0131n yas\u0131n\u0131, bir \u015fehrin b\u00fcy\u00fck yas\u0131na hem tan\u0131k oldu hem ortak oldu. Bu g\u00f6r\u00fcnt\u00fcler t\u00fcm T\u00fcrkiye\u2019den bir dayan\u0131\u015fma ve bir sahiplenme duygusu olarak buraya d\u00f6nd\u00fc. Ferdi Ba\u015fkan 1,5 y\u0131l bile s\u00fcrmeyen B\u00fcy\u00fck\u015fehir Belediye Ba\u015fkanl\u0131\u011f\u0131 s\u0131ras\u0131nda Manisa\u2019da \u0130l Ba\u015fkanl\u0131\u011f\u0131\u2019ndan geldi\u011fi bu yolda partililerin g\u00f6nl\u00fcn\u00fc fethetmi\u015fken 1,5 y\u0131lda b\u00fct\u00fcn Manisa\u2019n\u0131n g\u00f6nl\u00fcn\u00fc fethetti ve ge\u00e7irdi\u011fi kazadan sonraki birka\u00e7 g\u00fcnde de b\u00fct\u00fcn T\u00fcrkiye onu tan\u0131d\u0131, sahiplendi ve g\u00f6zya\u015flar\u0131yla u\u011furlad\u0131. Bug\u00fcn taziyemizin son g\u00fcn\u00fcndeyiz. Annemizin ya\u015f\u0131 ve sa\u011fl\u0131k durumu, ailenin t\u00fcm \u00fcyelerinin i\u00e7inde bulunduklar\u0131 zor durumu g\u00f6z \u00f6n\u00fcne alarak 5 saat, 6 saat bulan bir taziye al\u0131yoruz. On binlerce Manisal\u0131 geliyor. Sadece Manisal\u0131 de\u011fil d\u00fcn Trabzon\u2019dan bile gelen vard\u0131. T\u00fcm \u015fehirlerden gelenler oluyor. Bug\u00fcn de taziyenin son g\u00fcn\u00fcnde yine sevenlerini, tan\u0131yan tan\u0131mayan ama g\u00f6nl\u00fc Ferdi Ba\u015fkan\u2019la birlikte olan herkesin taziyesini burada alaca\u011f\u0131z. Ak\u015fam taziyeyi takiben Hatuniye Camii\u2019nde 3. g\u00fcn oldu\u011fu i\u00e7in mevlidimiz olacak ve yar\u0131n da yine Hatuniye Cami\u2019nde cuma namaz\u0131n\u0131, ba\u015fkan\u0131m\u0131zla birlikte bayram namaz\u0131n\u0131 k\u0131ld\u0131\u011f\u0131m\u0131z Hatuniye camiinde misafirlerimizle birlikte k\u0131laca\u011f\u0131z. T\u00fcrkiye Cumhuriyeti\u2019nin ya\u015fayan cumhurba\u015fkanlar\u0131 arad\u0131 Say\u0131n Ahmet Nejat Sezer, Say\u0131n Abdullah G\u00fcl, siyasi partilerin tamam\u0131n\u0131n genel ba\u015fkanlar\u0131 arad\u0131 ve t\u00fcm siyasi partiler en \u00fcst seviyede cenazeyi takip etti. T\u00fcm siyasi partilerin m\u00fcmk\u00fcn olan en \u00fcst d\u00fczeyde temsil edildikleri, mesajlar\u0131n\u0131 ilettikleri, burada var olduklar\u0131, bir birle\u015ftirici cenazeydi. Kutupla\u015fma \u00fczerinden Manisa gibi \u015fehirlere oy davran\u0131\u015flar\u0131 etkilenmeye \u00e7al\u0131\u015f\u0131l\u0131r y\u0131llarca. \u0130\u015fte \u015funa oy verme ona yak\u0131n, buna oy verme buna yak\u0131n, \u015fu musun bu musun? D\u00fcn tam tersine Manisa zaten son se\u00e7imde y\u00fczde 60 oy verdi\u011fi ba\u015fkan\u0131n\u0131n cenazesinde y\u00fczde 100\u2019den bir kucakla\u015fmay\u0131 ya\u015fad\u0131. T\u00fcrkiye\u2019nin b\u00fct\u00fcn renkleri, b\u00fct\u00fcn partileri, b\u00fct\u00fcn siyasi g\u00f6r\u00fc\u015fler buradayd\u0131. Bu \u00e7ok k\u0131ymetliydi. Tabii buradan b\u00f6yle siyasi \u00e7\u0131kar\u0131mlar beklemek, T\u00fcrkiye\u2019de partimize ya\u015fat\u0131lan ve u\u011frad\u0131\u011f\u0131m\u0131z b\u00fcy\u00fck haks\u0131zl\u0131klar\u0131n son bulaca\u011f\u0131n\u0131 beklemek, b\u00f6yle b\u00fcy\u00fck beklentiler i\u00e7inde olmak falan bu kolay de\u011fil siyasette. Bunun fark\u0131nday\u0131m ama \u015funu da kimse unutmas\u0131n. Bir \u00e7i\u00e7ek a\u00e7t\u0131 diye bahar gelmez ama her bahar bir \u00e7i\u00e7ek a\u00e7t\u0131ktan sonra ba\u015flar. Umut ediyorum T\u00fcrkiye\u2019de bu Ferdi Ba\u015fkan\u2019\u0131n T\u00fcrkiye\u2019ye ya\u015fatt\u0131\u011f\u0131 bu duygu, hep birlikte ortakla\u015ft\u0131\u011f\u0131m\u0131z bu duygu siyasetin nas\u0131l olmas\u0131 gerekti\u011fini, nas\u0131l yap\u0131lmas\u0131 gerekti\u011fini ve siyasetin birbirine yakla\u015f\u0131m\u0131n\u0131n nas\u0131l olmas\u0131 gerekti\u011fi konusunda vatanda\u015f\u0131n harekete ge\u00e7irdi\u011fi ortak vicdan t\u00fcm siyaset\u00e7ilere yol g\u00f6sterici, y\u00f6n g\u00f6sterici olur. Bunu kendimi de d\u0131\u015f\u0131na koyarak s\u00f6ylemiyorum. B\u00fct\u00fcn siyasi partiler, g\u00f6r\u00fc\u015fler, liderler a\u00e7\u0131s\u0131ndan milletin ne istedi\u011fini g\u00f6rmek laz\u0131m. Bir de millet bir \u015fey s\u00f6yl\u00fcyor. \u2018Ben se\u00e7ti\u011fime sahip \u00e7\u0131kar\u0131m.\u2019 diyor. Se\u00e7ilmi\u015flere sayg\u0131 g\u00f6stermek laz\u0131m. Kimse elbette yarg\u0131lanamaz de\u011fil. Ama millet diyor ki: \u2018Ben se\u00e7ti\u011fime sahip \u00e7\u0131kar\u0131m. Benim se\u00e7ti\u011fim y\u00f6netsin. Bir kusuru varsa yarg\u0131lan\u0131r, ceza al\u0131rsa gere\u011fi yap\u0131l\u0131r ama ben se\u00e7ti\u011fimi g\u00f6revinin ba\u015f\u0131nda g\u00f6rmek \u0130stiyorum\u2019 diyor. \u0130radeye bu sahiplenme meselesini g\u00f6rmek gerekir. 19 Mart\u2019tan sonraki s\u00fcre\u00e7te 23\u2019\u00fcnde de 104 ya\u015f\u0131nda nineler gayri resmi bir sand\u0131\u011fa, bir partinin gayri resmi se\u00e7imine iki b\u00fckl\u00fcm niye gitsin? Se\u00e7ti\u011fine sahip \u00e7\u0131k\u0131yor. Sand\u0131\u011fa, Atat\u00fcrk\u2019\u00fcn emanetine. O a\u00e7\u0131dan ben ya\u015fanan s\u00fcreci fevkalade \u00f6nemsiyorum. Ferdi Ba\u015fkan ya\u015farken yapt\u0131\u011f\u0131 bir \u015feyi \u00f6l\u00fcm\u00fcyle en \u00fcst noktaya \u00e7\u0131kard\u0131. Bu \u00e7ok k\u0131ymetlidir. Bunun k\u0131ymetini bilmek laz\u0131m&#8221; dedi.<\/p>\n<p>&#8220;Kim su\u00e7luysa cezaland\u0131raca\u011f\u0131 bir s\u00fcreci y\u00fcr\u00fcteceklerine inan\u0131yoruz&#8221;<br \/>\n<br \/>Ferdi Zeyrek\u2019in \u00f6l\u00fcm\u00fcyle ilgili y\u00fcr\u00fct\u00fclen soru\u015fturmada g\u00f6zalt\u0131na al\u0131nan 2 \u015f\u00fcphelinin adli kontrolle serbest b\u0131rak\u0131lmas\u0131n\u0131 da de\u011ferlendiren \u00d6zel, &#8220;Adalet Bakan\u0131m\u0131z bug\u00fcn sabah kendisi de taziye i\u00e7in arad\u0131. Kapsaml\u0131 bir a\u00e7\u0131klama yapt\u0131. Oradaki iki \u015f\u00fcphelinin g\u00f6z alt\u0131nda oldu\u011fu s\u00f6yleniyordu. Adli kontrolle serbest b\u0131rak\u0131lm\u0131\u015flar. Biz b\u00fct\u00fcn detaylar\u0131yla savc\u0131lar\u0131n zaten Manisa\u2019daki savc\u0131larda Manisa\u2019n\u0131n havas\u0131n\u0131 koklayan, suyunu i\u00e7en Ferdi ba\u015fkan\u0131 tan\u0131yan, bu \u015fehrin Ferdi ba\u015fkana ba\u011fland\u0131\u011f\u0131n\u0131 bilen savc\u0131lar, Manisa\u2019n\u0131n savc\u0131lar\u0131 onlar. Onlar\u0131n en iyi \u015fekilde nerede ne hata ne kusur varsa bulaca\u011f\u0131, kim su\u00e7luysa cezaland\u0131raca\u011f\u0131 bir s\u00fcreci y\u00fcr\u00fcteceklerine inan\u0131yoruz. Onlara emanet. Biz takip ediyoruz. Ge\u00e7ti\u011fimiz g\u00fcnlerde Adalet Bakan\u0131\u2019n\u0131n kapsaml\u0131 a\u00e7\u0131klamas\u0131ndan duydu\u011fum memnuniyeti de bug\u00fcn Say\u0131n Bakan\u2019a ifade ettim. Takip ediyor olursun. Soru\u015fturma ilerledik\u00e7e, tahmin ediyorum savc\u0131l\u0131k, bakanl\u0131k gerekli a\u00e7\u0131klamalar\u0131 yapacakt\u0131r. Onun d\u0131\u015f\u0131nda hani serbest b\u0131rak\u0131ld\u0131\u011f\u0131, b\u0131rak\u0131lmad\u0131\u011f\u0131 bir adli kontrol meselesi oldu\u011funu biliyorum. Kim g\u00f6zalt\u0131na al\u0131nm\u0131\u015f, hangi \u015feyle al\u0131nm\u0131\u015f onu da takip edebiliriz.&#8221; diye konu\u015ftu.<\/p>\n<p>&#8220;\u00dcmit ediyorum hak etti\u011fi gibi beraat eder&#8221;<br \/>\n<br \/>G\u00f6zalt\u0131na al\u0131nan CHP\u2019li belediye ba\u015fkanlar\u0131n\u0131n yerine yap\u0131lan ba\u015fkanl\u0131k se\u00e7imleri, Ekrem \u0130mamo\u011flu\u2019nun davas\u0131n\u0131n yerinin de\u011fi\u015ftirilmesi ve Zafer Partisi Genel Ba\u015fkan\u0131 \u00dcmit \u00d6zda\u011f\u2019\u0131n davas\u0131yla ilgili sorular\u0131 da cevapland\u0131ran \u00d6zel, &#8220;\u00dcmit \u00d6zda\u011f\u2019\u0131n davas\u0131nda, ge\u00e7en davada vard\u0131m. Bu davada da bulunmak istiyordum. Hatta bildirmi\u015ftim. Ama bu \u015fartlardan dolay\u0131 cenazeden dolay\u0131 kat\u0131lamad\u0131k. Ancak tutuklulu\u011funun devam\u0131n\u0131 asla kabul etmeyiz. Olumlu bakt\u0131\u011f\u0131m yan bir hafta sonra duru\u015fma g\u00fcn\u00fc verilmi\u015f. \u00dcmit ediyorum hak etti\u011fi gibi beraat eder. \u00c7\u00fcnk\u00fc savunmay\u0131 da \u015f\u00f6yle bir g\u00f6z gezdirdim. Zaten ge\u00e7en seferki savunmada bir saat kadar s\u00fcren b\u00fct\u00fcn iddialar\u0131 \u00e7\u00fcr\u00fcten bir savunmayd\u0131. Yine burada da bu davay\u0131 \u00e7\u00fcr\u00fcten, \u00e7ok kapsaml\u0131 bir savunma yapm\u0131\u015f. Bir siyasi parti genel ba\u015fkan\u0131n\u0131n bir dakika g\u00f6zalt\u0131nda olmas\u0131 bile kabul edilebilir bir \u015fey de\u011fildir. O y\u00fczden de derhal serbest b\u0131rak\u0131lmas\u0131 laz\u0131m. Umut ediyorum gelecek hafta olur. Biz de taziyemizi bitirip yar\u0131n ayr\u0131l\u0131p program\u0131n resmi programlar\u0131m\u0131za ba\u015flad\u0131ktan sonra planlayabilirsek ben de gelecek haftaki duru\u015fmada olmak isterim. Dayan\u0131\u015fma duygular\u0131m\u0131z\u0131 Zafer Partisi\u2019ne ifade ediyorum. Ekrem Ba\u015fkan\u2019\u0131n duru\u015fmas\u0131n\u0131n yer de\u011fi\u015ftirmesi ise b\u00fcy\u00fck bir sa\u00e7mal\u0131k, b\u00fcy\u00fck bir hukuksuzluk, adeta savc\u0131l\u0131\u011f\u0131n b\u00f6yle deyim yerindeyse \u015f\u0131mar\u0131k\u00e7a davran\u0131\u015f\u0131. Yani aylar \u00f6nceden g\u00fcn verilmi\u015f saat verilmi\u015f. Verilirken iki taraf\u0131n avukatlar\u0131na konu\u015fuluyor. Yeri saati. Herkes plan\u0131n\u0131 program\u0131n\u0131 ona g\u00f6re yap\u0131yor. Bir g\u00fcn kala duru\u015fma yeri de\u011fi\u015ftiriliyor. Bunun bir mahkeme karar\u0131yla yap\u0131lmas\u0131 laz\u0131m. Karar almas\u0131 laz\u0131m. Bu karara da itiraz\u0131n m\u00fcmk\u00fcn olmas\u0131 laz\u0131m. Karar yerine tutanak tutmu\u015flar kendi aralar\u0131nda. Yani ilkokulda s\u0131n\u0131fta, m\u00fcsamere tarz\u0131nda bir se\u00e7im yapacak olsan\u0131z, bir say\u0131m may\u0131m yapacak olsan\u0131z bundan daha ciddi yapars\u0131n\u0131z. Yani taraflara bir sorars\u0131n\u0131z, bir karar al\u0131rsan\u0131z itiraz edilebilir olmas\u0131 laz\u0131m. O zaman Ak\u0131n G\u00fcrlek bir tutanakla duru\u015fmay\u0131 Hakkari\u2019ye als\u0131n yar\u0131n sabah ve ondan sonra, ben gidemeyece\u011fim itiraz da edemeyece\u011fim. Ya b\u00f6yle bir \u015fey olmaz. Silivri\u2019ye almak neden? Korkuyorlar. Efendim bu \u00c7a\u011flayan\u2019a 10 binler gelir mi? 100 binler gelir mi? B\u00f6yle bir korkun varsa bir \u015feyi yanl\u0131\u015f yap\u0131yorsun. Duru\u015fma dedi\u011fine taraflarla avukatlar\u0131 gelir \u00fc\u00e7 be\u015f. B\u00f6yle toplumun gelip de \u00c7a\u011flayan\u2019\u0131 basaca\u011f\u0131n\u0131 d\u00fc\u015f\u00fcnecek kadar korkuyorsan demek ki korkulacak bir \u015fey yap\u0131yorsun. O y\u00fczden hukuken de savunulabilecek bir taraf\u0131 yok. Teknik olarak da \u00e7ok \u00f6z\u00fcrl\u00fc kusurlu bir i\u015f. Ekrem Ba\u015fkan\u2019\u0131n avukatlar\u0131 da bunu g\u00f6r\u00fcn\u00fcr k\u0131lmak a\u00e7\u0131s\u0131ndan \u00e7ok do\u011fru bir i\u015f yapm\u0131\u015flar. Ben de bu hengame i\u00e7inde haberdar olmad\u0131m. O birka\u00e7 saat i\u00e7inde karar alm\u0131\u015flar. Duru\u015fman\u0131n yeri de\u011fi\u015ftirilmi\u015f. Ekrem ba\u015fkan\u0131n avukatlar\u0131 da gitmeyece\u011fiz, Ekrem Bey kat\u0131lmayacak demi\u015fler do\u011fru karard\u0131r. Biz de o karar\u0131n arkas\u0131nday\u0131z.&#8221; diye konu\u015ftu.<\/p>\n<p>&#8220;Aday \u00e7\u0131karan \u00d6zg\u00fcr \u00d6zel namerttir&#8221;<br \/>\n<br \/>Gaziosmanpa\u015fa Belediye Meclisinde yap\u0131lan se\u00e7imi de de\u011ferlendiren \u00d6zel a\u00e7\u0131klamas\u0131n\u0131 \u015f\u00f6yle tamamlad\u0131: &#8220;\u015e\u00f6yle bir yanl\u0131\u015f var. Gaziosmanpa\u015fa Belediye Ba\u015fkan\u0131na bir iddia var ve haks\u0131zca bir tutuklama yap\u0131l\u0131yor. \u0130ddia, bir ki\u015fiyle o iftira atan Aziz \u0130hsan Akta\u015f, \u00fc\u00e7 yerde bulunuyor. Ger\u00e7ek o \u00fc\u00e7 yer, dakika dakika g\u00f6steriyor ki \u00d6\u011fretmenler G\u00fcn\u00fcnde o istasyonu 700 metre, benzin istasyonu 700 metre kadar bir yere kapal\u0131 pazar yeri a\u00e7arken 1 kilometre bu taraf\u0131na ayn\u0131 bazdan \u00e7\u0131k\u0131yor. Bazlar\u0131 \u00e7ak\u0131\u015fm\u0131\u015f, o \u00e7ak\u0131\u015fan bazlara iftira at\u0131yor Aziz \u0130hsan Akta\u015f. Arkada\u015flar dakika dakika canl\u0131 yay\u0131nlarla ispatl\u0131yorlar. \u2019Biz o baz\u0131n \u00e7ekti\u011fi dakika \u015fu okulda \u00f6\u011fretmenlerle birlikteydik. Yay\u0131n yapt\u0131k, Twitter att\u0131k, Twitter\u2019a koyduk\u2019 falan. \u015eimdi bu ki\u015fiye bir tutuklama var. Biz tutuklamaya itiraz\u0131 bekliyoruz ki olumlu olursa geri gelecek. Tut ki bir ay sonra, bir bu\u00e7uk ay sonra yarg\u0131lama s\u0131ras\u0131nda \u00e7\u0131kacak bunlar. D\u00f6n\u00fcp gelecek. Gaziosmanpa\u015fa iki sand\u0131k var yani \u00fc\u00e7 var da bu konu i\u00e7in iki ayr\u0131 sand\u0131k. Biri belediye ba\u015fkan\u0131n\u0131n, belediyeyi kimin y\u00f6netece\u011fi, di\u011feri belediye meclisinin kimin denetleyece\u011fine karar veriyor. \u015eu anda belediye ba\u015fkan\u0131 gitmedi ki sen i\u00e7inden bir belediye ba\u015fkan\u0131 se\u00e7ermi\u015f gibi bir \u015fey yap\u0131yorsun. AK Parti\u2019ye ge\u00e7ti. Belediye AK Parti\u2019ye falan ge\u00e7medi. Belediye ba\u015fkan\u0131 CHP\u2019ydi ve hala ba\u015fkan. O yokken bir vekil se\u00e7ildi. Burada do\u011frusu AK Parti grubunun aday \u00e7\u0131karmay\u0131p CHP grubu bir vekil se\u00e7sin demesi gerekirken sanki belediye ba\u015fkan\u0131n\u0131n cezas\u0131 kesilmi\u015f \u00fc\u00e7 bitmi\u015f. Yeni bir belediye ba\u015fkan\u0131 se\u00e7ilmi\u015f. \u0130zleyiciler e o da belediye meclisinden se\u00e7ilince ben aday\u0131m\u0131 \u00e7\u0131kar\u0131r\u0131m diyor. \u0130\u015fin bu taraf\u0131 daha anla\u015f\u0131l\u0131r belki. Belediye ba\u015fkan\u0131, se\u00e7ilen ba\u015fkan art\u0131k ba\u015fkan de\u011filken ama Gaziosmanpa\u015fa diyor ki: &#8220;Ba\u015fkan Hakan O hapisteyken belki de 2 g\u00fcn sonra itiraz 2 g\u00fcnl\u00fc\u011f\u00fcne yerine bir bakacak. E bu Hakan Bey\u2019in partisinden biri olacak art\u0131k. B\u00f6yle yap\u0131lmas\u0131 gerekir. Yar\u0131n benzer \u00f6rnek olsun. AK Partili bir belediye ba\u015fkan\u0131na vekil se\u00e7ecek olsun. G\u00f6r\u00fcn bakal\u0131m \u00d6zg\u00fcr \u00d6zel nas\u0131l yap\u0131yor. Ali M\u00fcfit G\u00fcrtuna diyor ki \u2019bizim \u00e7o\u011funlu\u011fumuz yoktu muhalefetin deste\u011fiyle ben g\u00f6reve devam ettim. Do\u011frusu budur\u2019 diyor. Tayyip Bey gittikten sonra diyor. Bize verdiler diyor ki orada Tayyip Beyin belediye ba\u015fkanl\u0131\u011f\u0131 bitmi\u015fti cezas\u0131 kesinle\u015fmi\u015fti. Burada Hakan\u2019a vekil se\u00e7iyoruz. Hakan\u2019\u0131n vekili niye AK Partili olsun? \u00d6yle olsa Hakan AK Partili olurdu. Hakan\u2019\u0131n vekilinin Hakan\u2019\u0131n o ana kadar yapt\u0131\u011f\u0131 i\u015fleri s\u00fcrd\u00fcrecek biri olmas\u0131 laz\u0131m. Buradaki en k\u00f6t\u00fc, en yanl\u0131\u015f i\u015fi Say\u0131n Erdo\u011fan yapm\u0131\u015ft\u0131r. Tebrik telefonu a\u00e7\u0131yor ve kutluyor. \u015eimdi yarg\u0131n\u0131n da bu kadar bask\u0131 alt\u0131nda oldu\u011fu bir yerde Hakan\u2019\u0131 yarg\u0131layan mahkemenin savc\u0131lar\u0131 Cumhurba\u015fkan\u0131n\u0131n efendim i\u015fte Gazi Osmanpa\u015fa ald\u0131 diye kutlad\u0131\u011f\u0131 yerde Hakan\u2019\u0131 nas\u0131l serbest b\u0131rakacaklar da Hakan gelecek geriye koltu\u011funa oturacak? Bu hatay\u0131 ge\u00e7en sefer Yalova\u2019da yapt\u0131. Bak\u0131n Yalova se\u00e7iminden \u00f6nce k\u0131l pay\u0131 farkla kazand\u0131k iptal etti. A\u00e7\u0131k farkla kazand\u0131k ayn\u0131 \u0130stanbul\u2019da oldu\u011fu gibi. Bu sefer belediye ba\u015fkan\u0131m\u0131z\u0131 bir iftirayla a\u00e7\u0131\u011fa ald\u0131lar ve yerine vekil atad\u0131lar. O vekilin elini kald\u0131rd\u0131 Erdo\u011fan AK Parti Grup Toplant\u0131s\u0131nda. Sonra 2-3 y\u0131l b\u00fct\u00fcn bilirki\u015fi raporlar\u0131 Belediye Ba\u015fkan\u0131 Vefa Salman\u2019\u0131n lehine geldi. Yeni bilirki\u015fi raporu istediler \u00fc\u00e7 sefer. Karar\u0131 geciktirip, geciktirip se\u00e7imi buldurdular. Se\u00e7imden sonra Vefa Salman\u2019\u0131n su\u00e7suzlu\u011fu ortaya \u00e7\u0131kt\u0131 ama i\u015f i\u015ften ge\u00e7ti. 3 sene oraya haks\u0131z yere y\u00f6nettiler. Ama ne oldu? Yaloval\u0131lar da bu sefer daha b\u00fcy\u00fck farkla yine CHP\u2019yi se\u00e7ti. \u015eimdi Erdo\u011fan gibi bir siyaset\u00e7inin kendi ge\u00e7mi\u015finde de bu tip i\u015flerin oldu\u011fu bir siyaset\u00e7inin ge\u00e7mi\u015fin ma\u011fduru olan bir siyaset\u00e7inin bug\u00fcn\u00fcn b\u00f6yle zalimi ve bug\u00fcn bu hatalar\u0131 yapm\u0131yor olmas\u0131 laz\u0131m. Ne kendine faydas\u0131 var ne demokrasiye faydas\u0131 var. Ne T\u00fcrkiye\u2019ye faydas\u0131 var. Olmaz. Bak\u0131n buradan canl\u0131 yay\u0131n alt\u0131nda s\u00f6yleyece\u011fim. AK Partili bir belediye ba\u015fkan\u0131n\u0131n yerine vekil se\u00e7ecek olsun. Aday \u00e7\u0131karan \u00d6zg\u00fcr \u00d6zel namerttir. \u00c7\u0131karmam. \u00c7\u0131karmamak laz\u0131m. Belediye ba\u015fkanl\u0131\u011f\u0131 bittiyse ba\u015fka bir \u015fey. Ama bitince zaten her parti ne gerekiyorsa onu yaps\u0131n. Bence kanun da yanl\u0131\u015f zaten. Yani b\u00f6yle olunca hemen 60 g\u00fcn sonra soral\u0131m yine millete. Niye i\u00e7eriden yap\u0131yoruz, d\u0131\u015far\u0131dan yapm\u0131yoruz bilmiyoruz. Ama bu vekili aray\u0131p da telefonla kutlamak yanl\u0131\u015f olmu\u015ftur. Mahkemeye bask\u0131 olmu\u015ftur. Ben Gazi Osmanpa\u015fa\u2019y\u0131 ald\u0131m benden geri alma diyor hakime. Hakim belki yar\u0131n salacak Hakan\u2019\u0131 ki mutlaka salmas\u0131 gereken bir tablo var orada. Yanl\u0131\u015f yapm\u0131\u015f Say\u0131n Erdo\u011fan. Ama yani bana sordular Gazi Osmanpa\u015fa\u2019ya vekil se\u00e7ecek Hakan\u2019a AK Partili vekili olur mu? Dedim tenezz\u00fcl meselesi. Tenezz\u00fcl meselesi. Ben olsam tenezz\u00fcl etmezdim. Biz etmeyiz.&#8221;<br \/><\/p>\n","protected":false},"excerpt":{"rendered":"<p>Manisa\u2019daki evinde elektrik ak\u0131m\u0131na kap\u0131larak hayat\u0131n\u0131 kaybeden Manisa B\u00fcy\u00fck\u015fehir Belediye Ba\u015fkan\u0131 Ferdi Zeyrek\u2019in vefat\u0131n\u0131n 3\u2019\u00fcnc\u00fc g\u00fcn\u00fcnde de Manisa\u2019da olan CHP Genel Ba\u015fkan\u0131 \u00d6zg\u00fcr \u00d6zel d\u00fczenledi\u011fi bas\u0131n toplant\u0131s\u0131nda g\u00fcndemi de\u011ferlendirdi. Manisa\u2019daki evinde 6 Haziran g\u00fcn\u00fc elektrik ak\u0131m\u0131na kap\u0131larak a\u011f\u0131r yaralanan ve tedavi g\u00f6rd\u00fc\u011f\u00fc Manisa Celal Bayar \u00dcniversitesi Hafsa Sultan Hastanesinde 9 Haziran\u2019da hayat\u0131n kaybeden ve 10&#8230;<\/p>\n","protected":false},"author":1,"featured_media":34617,"comment_status":"open","ping_status":"open","sticky":false,"template":"","format":"standard","meta":{"_crdt_document":"","footnotes":""},"categories":[127],"tags":[],"class_list":["post-34616","post","type-post","status-publish","format-standard","has-post-thumbnail","hentry","category-siyaset"],"_links":{"self":[{"href":"https:\/\/www.egemtv.com\/index.php?rest_route=\/wp\/v2\/posts\/34616","targetHints":{"allow":["GET"]}}],"collection":[{"href":"https:\/\/www.egemtv.com\/index.php?rest_route=\/wp\/v2\/posts"}],"about":[{"href":"https:\/\/www.egemtv.com\/index.php?rest_route=\/wp\/v2\/types\/post"}],"author":[{"embeddable":true,"href":"https:\/\/www.egemtv.com\/index.php?rest_route=\/wp\/v2\/users\/1"}],"replies":[{"embeddable":true,"href":"https:\/\/www.egemtv.com\/index.php?rest_route=%2Fwp%2Fv2%2Fcomments&post=34616"}],"version-history":[{"count":1,"href":"https:\/\/www.egemtv.com\/index.php?rest_route=\/wp\/v2\/posts\/34616\/revisions"}],"predecessor-version":[{"id":34618,"href":"https:\/\/www.egemtv.com\/index.php?rest_route=\/wp\/v2\/posts\/34616\/revisions\/34618"}],"wp:featuredmedia":[{"embeddable":true,"href":"https:\/\/www.egemtv.com\/index.php?rest_route=\/wp\/v2\/media\/34617"}],"wp:attachment":[{"href":"https:\/\/www.egemtv.com\/index.php?rest_route=%2Fwp%2Fv2%2Fmedia&parent=34616"}],"wp:term":[{"taxonomy":"category","embeddable":true,"href":"https:\/\/www.egemtv.com\/index.php?rest_route=%2Fwp%2Fv2%2Fcategories&post=34616"},{"taxonomy":"post_tag","embeddable":true,"href":"https:\/\/www.egemtv.com\/index.php?rest_route=%2Fwp%2Fv2%2Ftags&post=34616"}],"curies":[{"name":"wp","href":"https:\/\/api.w.org\/{rel}","templated":true}]}}