{"id":34613,"date":"2025-06-12T16:36:03","date_gmt":"2025-06-12T13:36:03","guid":{"rendered":"https:\/\/www.egemtv.com\/?p=34613"},"modified":"2025-06-12T16:36:11","modified_gmt":"2025-06-12T13:36:11","slug":"dogalgazla-intihar-tesebbusunu-ihbar-etti-balkondan-atlayip-canina-kiymaya-kalkti","status":"publish","type":"post","link":"https:\/\/www.egemtv.com\/?p=34613","title":{"rendered":"Do\u011falgazla intihar te\u015febb\u00fcs\u00fcn\u00fc ihbar etti, balkondan atlay\u0131p can\u0131na k\u0131ymaya kalkt\u0131"},"content":{"rendered":"<p>Burdur\u2019da sabah saatlerinde gelen bir ihbar \u00fczerine do\u011falgaz\u0131 a\u00e7arak intihara kalk\u0131\u015ft\u0131\u011f\u0131 \u00f6ne s\u00fcr\u00fclen kad\u0131n, ekiplerin m\u00fcdahalesiyle kurtar\u0131ld\u0131. Olay s\u0131ras\u0131nda &#8220;K\u0131zlar\u0131m var, kurtar\u0131n&#8221; diye feryat eden kad\u0131n sedyeyle 112 ekiplerine teslim edildi.<br \/>\n<br \/>Olay, saat 06.20\u2019de Burdur\u2019un Yeni Mahalle Menderes Caddesi \u00fczerinde meydana geldi. Edinilen bilgiye g\u00f6re, 112 Acil \u00c7a\u011fr\u0131 Merkezi\u2019ne gelen bir ihbarda, bir kad\u0131n\u0131n evinde iki k\u0131z\u0131yla birlikte do\u011falgaz\u0131 a\u00e7arak intihar edece\u011fi bildirildi. \u0130hbar \u00fczerine olay yerine polis e\u015fli\u011finde sa\u011fl\u0131k ve do\u011falgaz ekipleri sevk edildi. Ekiplerin kap\u0131y\u0131 a\u00e7arak i\u00e7eri girmesiyle birlikte evdeki do\u011falgaz vanas\u0131 kapat\u0131ld\u0131. Olay yerinde bulunan A.K., ihbar\u0131 kendisinin yapmad\u0131\u011f\u0131n\u0131 ve ekiplerin izinsiz eve girdi\u011fini iddia ederek tepki g\u00f6sterdi. Ancak, ihbar\u0131n yap\u0131ld\u0131\u011f\u0131 telefon geri arand\u0131\u011f\u0131nda araman\u0131n kad\u0131na ait oldu\u011fu tespit edildi. Ekipler olay yerinden ayr\u0131lmak \u00fczereyken, A. K. bir anda balkona \u00e7\u0131karak kendini a\u015fa\u011f\u0131ya sark\u0131tt\u0131. &#8220;K\u0131zlar\u0131m var, kurtar\u0131n&#8221; \u015feklinde feryat eden kad\u0131n\u0131 ekipler son anda m\u00fcdahale ederek kurtard\u0131. A. K., olay yerinde sa\u011fl\u0131k ekiplerine teslim edilerek sedyeyle hastaneye g\u00f6t\u00fcr\u00fcld\u00fc. Olayla ilgili inceleme ba\u015flat\u0131ld\u0131.<br \/><\/p>\n","protected":false},"excerpt":{"rendered":"<p>Burdur\u2019da sabah saatlerinde gelen bir ihbar \u00fczerine do\u011falgaz\u0131 a\u00e7arak intihara kalk\u0131\u015ft\u0131\u011f\u0131 \u00f6ne s\u00fcr\u00fclen kad\u0131n, ekiplerin m\u00fcdahalesiyle kurtar\u0131ld\u0131. Olay s\u0131ras\u0131nda &#8220;K\u0131zlar\u0131m var, kurtar\u0131n&#8221; diye feryat eden kad\u0131n sedyeyle 112 ekiplerine teslim edildi. Olay, saat 06.20\u2019de Burdur\u2019un Yeni Mahalle Menderes Caddesi \u00fczerinde meydana geldi. Edinilen bilgiye g\u00f6re, 112 Acil \u00c7a\u011fr\u0131 Merkezi\u2019ne gelen bir ihbarda, bir kad\u0131n\u0131n evinde&#8230;<\/p>\n","protected":false},"author":1,"featured_media":34614,"comment_status":"open","ping_status":"open","sticky":false,"template":"","format":"standard","meta":{"_crdt_document":"","footnotes":""},"categories":[5],"tags":[],"class_list":["post-34613","post","type-post","status-publish","format-standard","has-post-thumbnail","hentry","category-asayis"],"_links":{"self":[{"href":"https:\/\/www.egemtv.com\/index.php?rest_route=\/wp\/v2\/posts\/34613","targetHints":{"allow":["GET"]}}],"collection":[{"href":"https:\/\/www.egemtv.com\/index.php?rest_route=\/wp\/v2\/posts"}],"about":[{"href":"https:\/\/www.egemtv.com\/index.php?rest_route=\/wp\/v2\/types\/post"}],"author":[{"embeddable":true,"href":"https:\/\/www.egemtv.com\/index.php?rest_route=\/wp\/v2\/users\/1"}],"replies":[{"embeddable":true,"href":"https:\/\/www.egemtv.com\/index.php?rest_route=%2Fwp%2Fv2%2Fcomments&post=34613"}],"version-history":[{"count":1,"href":"https:\/\/www.egemtv.com\/index.php?rest_route=\/wp\/v2\/posts\/34613\/revisions"}],"predecessor-version":[{"id":34615,"href":"https:\/\/www.egemtv.com\/index.php?rest_route=\/wp\/v2\/posts\/34613\/revisions\/34615"}],"wp:featuredmedia":[{"embeddable":true,"href":"https:\/\/www.egemtv.com\/index.php?rest_route=\/wp\/v2\/media\/34614"}],"wp:attachment":[{"href":"https:\/\/www.egemtv.com\/index.php?rest_route=%2Fwp%2Fv2%2Fmedia&parent=34613"}],"wp:term":[{"taxonomy":"category","embeddable":true,"href":"https:\/\/www.egemtv.com\/index.php?rest_route=%2Fwp%2Fv2%2Fcategories&post=34613"},{"taxonomy":"post_tag","embeddable":true,"href":"https:\/\/www.egemtv.com\/index.php?rest_route=%2Fwp%2Fv2%2Ftags&post=34613"}],"curies":[{"name":"wp","href":"https:\/\/api.w.org\/{rel}","templated":true}]}}