{"id":34610,"date":"2025-06-12T16:16:08","date_gmt":"2025-06-12T13:16:08","guid":{"rendered":"https:\/\/www.egemtv.com\/?p=34610"},"modified":"2025-06-12T16:16:14","modified_gmt":"2025-06-12T13:16:14","slug":"bahar-aylarinda-yasanilan-soguklardan-etkilenen-meyveler-etiketlere-yansidi","status":"publish","type":"post","link":"https:\/\/www.egemtv.com\/?p=34610","title":{"rendered":"Bahar aylar\u0131nda ya\u015fan\u0131lan so\u011fuklardan etkilenen meyveler etiketlere yans\u0131d\u0131"},"content":{"rendered":"<p>Denizli\u2019de ge\u00e7ti\u011fimiz g\u00fcnlerde bahar aylar\u0131nda so\u011fuklardan etkilenen meyve a\u011fa\u00e7lar\u0131ndaki verimin d\u00fc\u015fmesi ile fiyatlar y\u00fcksek seyrediyor. Pazara giden vatanda\u015flar, kar\u015f\u0131la\u015ft\u0131klar\u0131 fiyatlar kar\u015f\u0131s\u0131nda \u015fikayet etti.<\/p>\n<p>Bahar aylar\u0131nda havan\u0131n so\u011fuk gitmesi sonucunda meyve a\u011fa\u00e7lar\u0131n\u0131n etkilendi\u011fi g\u00f6r\u00fclm\u00fc\u015ft\u00fc. \u00c7i\u00e7eklerin d\u00f6k\u00fcld\u00fc\u011f\u00fc, a\u011fa\u00e7lar\u0131n kurudu\u011fu so\u011fuk ortam\u0131n \u00fczerinde baz\u0131 b\u00f6lgelerde de dolu ya\u011f\u0131\u015f\u0131 neticesinde verim olduk\u00e7a d\u00fc\u015fm\u00fc\u015ft\u00fc. Azalan \u00fcretim neticesinde \u00fcreticilerde zor durumda olduklar\u0131n\u0131 belirtirken, vatanda\u015flarda evlerine istedikleri miktarda meyve g\u00f6t\u00fcrememekten \u015fikayet etti.<\/p>\n<p>Denizli\u2019nin Buldan il\u00e7esinde \u00f6zellikle y\u00fcksek b\u00f6lgelerde yeti\u015fen kiraz \u00fcretiminde b\u00fcy\u00fck oranda d\u00fc\u015f\u00fc\u015f ya\u015fand\u0131. Buldan\u2019da kurulan pazarda, kiraz\u0131n pazarda kilosu 250 TL oldu\u011fu g\u00f6r\u00fcl\u00fcrken, erik 250 TL, \u00e7ilek 80 TL, kay\u0131s\u0131 100 TL, \u015feftali 100 TL den sat\u0131ld\u0131.<br \/><\/p>\n","protected":false},"excerpt":{"rendered":"<p>Denizli\u2019de ge\u00e7ti\u011fimiz g\u00fcnlerde bahar aylar\u0131nda so\u011fuklardan etkilenen meyve a\u011fa\u00e7lar\u0131ndaki verimin d\u00fc\u015fmesi ile fiyatlar y\u00fcksek seyrediyor. Pazara giden vatanda\u015flar, kar\u015f\u0131la\u015ft\u0131klar\u0131 fiyatlar kar\u015f\u0131s\u0131nda \u015fikayet etti. Bahar aylar\u0131nda havan\u0131n so\u011fuk gitmesi sonucunda meyve a\u011fa\u00e7lar\u0131n\u0131n etkilendi\u011fi g\u00f6r\u00fclm\u00fc\u015ft\u00fc. \u00c7i\u00e7eklerin d\u00f6k\u00fcld\u00fc\u011f\u00fc, a\u011fa\u00e7lar\u0131n kurudu\u011fu so\u011fuk ortam\u0131n \u00fczerinde baz\u0131 b\u00f6lgelerde de dolu ya\u011f\u0131\u015f\u0131 neticesinde verim olduk\u00e7a d\u00fc\u015fm\u00fc\u015ft\u00fc. Azalan \u00fcretim neticesinde \u00fcreticilerde zor durumda&#8230;<\/p>\n","protected":false},"author":1,"featured_media":34611,"comment_status":"open","ping_status":"open","sticky":false,"template":"","format":"standard","meta":{"_crdt_document":"","footnotes":""},"categories":[125],"tags":[],"class_list":["post-34610","post","type-post","status-publish","format-standard","has-post-thumbnail","hentry","category-ekonomi"],"_links":{"self":[{"href":"https:\/\/www.egemtv.com\/index.php?rest_route=\/wp\/v2\/posts\/34610","targetHints":{"allow":["GET"]}}],"collection":[{"href":"https:\/\/www.egemtv.com\/index.php?rest_route=\/wp\/v2\/posts"}],"about":[{"href":"https:\/\/www.egemtv.com\/index.php?rest_route=\/wp\/v2\/types\/post"}],"author":[{"embeddable":true,"href":"https:\/\/www.egemtv.com\/index.php?rest_route=\/wp\/v2\/users\/1"}],"replies":[{"embeddable":true,"href":"https:\/\/www.egemtv.com\/index.php?rest_route=%2Fwp%2Fv2%2Fcomments&post=34610"}],"version-history":[{"count":1,"href":"https:\/\/www.egemtv.com\/index.php?rest_route=\/wp\/v2\/posts\/34610\/revisions"}],"predecessor-version":[{"id":34612,"href":"https:\/\/www.egemtv.com\/index.php?rest_route=\/wp\/v2\/posts\/34610\/revisions\/34612"}],"wp:featuredmedia":[{"embeddable":true,"href":"https:\/\/www.egemtv.com\/index.php?rest_route=\/wp\/v2\/media\/34611"}],"wp:attachment":[{"href":"https:\/\/www.egemtv.com\/index.php?rest_route=%2Fwp%2Fv2%2Fmedia&parent=34610"}],"wp:term":[{"taxonomy":"category","embeddable":true,"href":"https:\/\/www.egemtv.com\/index.php?rest_route=%2Fwp%2Fv2%2Fcategories&post=34610"},{"taxonomy":"post_tag","embeddable":true,"href":"https:\/\/www.egemtv.com\/index.php?rest_route=%2Fwp%2Fv2%2Ftags&post=34610"}],"curies":[{"name":"wp","href":"https:\/\/api.w.org\/{rel}","templated":true}]}}