{"id":34607,"date":"2025-06-12T16:15:57","date_gmt":"2025-06-12T13:15:57","guid":{"rendered":"https:\/\/www.egemtv.com\/?p=34607"},"modified":"2025-06-12T16:16:08","modified_gmt":"2025-06-12T13:16:08","slug":"merkezefendi-belediyesinin-yaz-spor-okullari-kurs-kayitlari-devam-ediyor","status":"publish","type":"post","link":"https:\/\/www.egemtv.com\/?p=34607","title":{"rendered":"Merkezefendi Belediyesinin yaz spor okullar\u0131 kurs kay\u0131tlar\u0131 devam ediyor"},"content":{"rendered":"<p>Merkezefendi Belediyesi\u2019nin Yaz Spor Okullar\u0131 Kurs Kay\u0131tlar\u0131, 17 Haziran Sal\u0131 g\u00fcn\u00fcne kadar devam edecek.<\/p>\n<p>Spora ve sporcuya her zaman destek olan Merkezefendi Belediyesi il\u00e7e genelindeki \u00e7al\u0131\u015fmalar\u0131na devam ediyor. Merkezefendi Belediyesi\u2019nin yo\u011fun ilgi g\u00f6ren spor kurslar\u0131n\u0131n yaz d\u00f6nemi kay\u0131tlar\u0131 ba\u015flad\u0131. 20 Tesiste ve 14 bran\u015ftan olu\u015fan kurslara kay\u0131tlar, 17 Haziran Sal\u0131 g\u00fcn\u00fc sona erecek. Ba\u015fvurular https:\/\/merkezefendi.bel.tr\/sporkursu\/Default.aspx adresinden veya tesislerden \u015fahsen yap\u0131lacak.<\/p>\n<p>Merkezefendililer, Yaz Spor Okullar\u0131 Kurslar\u0131 bran\u015flar\u0131, ya\u015f gruplar\u0131 ve tesisler konusunda detayl\u0131 bilgi i\u00e7in https:\/\/merkezefendi.bel.tr\/sporkursu\/Default.aspx adresini ziyaret edebilir veya 444 8 662 numaral\u0131 \u00e7a\u011fr\u0131 merkezini arayabiliyor.<br \/><\/p>\n","protected":false},"excerpt":{"rendered":"<p>Merkezefendi Belediyesi\u2019nin Yaz Spor Okullar\u0131 Kurs Kay\u0131tlar\u0131, 17 Haziran Sal\u0131 g\u00fcn\u00fcne kadar devam edecek. Spora ve sporcuya her zaman destek olan Merkezefendi Belediyesi il\u00e7e genelindeki \u00e7al\u0131\u015fmalar\u0131na devam ediyor. Merkezefendi Belediyesi\u2019nin yo\u011fun ilgi g\u00f6ren spor kurslar\u0131n\u0131n yaz d\u00f6nemi kay\u0131tlar\u0131 ba\u015flad\u0131. 20 Tesiste ve 14 bran\u015ftan olu\u015fan kurslara kay\u0131tlar, 17 Haziran Sal\u0131 g\u00fcn\u00fc sona erecek. Ba\u015fvurular https:\/\/merkezefendi.bel.tr\/sporkursu\/Default.aspx&#8230;<\/p>\n","protected":false},"author":1,"featured_media":34608,"comment_status":"open","ping_status":"open","sticky":false,"template":"","format":"standard","meta":{"_crdt_document":"","footnotes":""},"categories":[4],"tags":[],"class_list":["post-34607","post","type-post","status-publish","format-standard","has-post-thumbnail","hentry","category-spor"],"_links":{"self":[{"href":"https:\/\/www.egemtv.com\/index.php?rest_route=\/wp\/v2\/posts\/34607","targetHints":{"allow":["GET"]}}],"collection":[{"href":"https:\/\/www.egemtv.com\/index.php?rest_route=\/wp\/v2\/posts"}],"about":[{"href":"https:\/\/www.egemtv.com\/index.php?rest_route=\/wp\/v2\/types\/post"}],"author":[{"embeddable":true,"href":"https:\/\/www.egemtv.com\/index.php?rest_route=\/wp\/v2\/users\/1"}],"replies":[{"embeddable":true,"href":"https:\/\/www.egemtv.com\/index.php?rest_route=%2Fwp%2Fv2%2Fcomments&post=34607"}],"version-history":[{"count":1,"href":"https:\/\/www.egemtv.com\/index.php?rest_route=\/wp\/v2\/posts\/34607\/revisions"}],"predecessor-version":[{"id":34609,"href":"https:\/\/www.egemtv.com\/index.php?rest_route=\/wp\/v2\/posts\/34607\/revisions\/34609"}],"wp:featuredmedia":[{"embeddable":true,"href":"https:\/\/www.egemtv.com\/index.php?rest_route=\/wp\/v2\/media\/34608"}],"wp:attachment":[{"href":"https:\/\/www.egemtv.com\/index.php?rest_route=%2Fwp%2Fv2%2Fmedia&parent=34607"}],"wp:term":[{"taxonomy":"category","embeddable":true,"href":"https:\/\/www.egemtv.com\/index.php?rest_route=%2Fwp%2Fv2%2Fcategories&post=34607"},{"taxonomy":"post_tag","embeddable":true,"href":"https:\/\/www.egemtv.com\/index.php?rest_route=%2Fwp%2Fv2%2Ftags&post=34607"}],"curies":[{"name":"wp","href":"https:\/\/api.w.org\/{rel}","templated":true}]}}