{"id":34604,"date":"2025-06-12T15:56:11","date_gmt":"2025-06-12T12:56:11","guid":{"rendered":"https:\/\/www.egemtv.com\/?p=34604"},"modified":"2025-06-12T15:56:16","modified_gmt":"2025-06-12T12:56:16","slug":"namazla-varim-kompozisyon-yarismasinin-manisa-birincisi-sarigolden","status":"publish","type":"post","link":"https:\/\/www.egemtv.com\/?p=34604","title":{"rendered":"&#8220;Namazla Var\u0131m&#8221; Kompozisyon Yar\u0131\u015fmas\u0131n\u0131n Manisa birincisi Sar\u0131g\u00f6l\u2019den"},"content":{"rendered":"<p>Milli E\u011fitim Bakanl\u0131\u011f\u0131 Din \u00d6\u011fretimi Genel M\u00fcd\u00fcrl\u00fc\u011f\u00fc taraf\u0131ndan d\u00fczenlenen &#8220;Vakti Ku\u015fanmak&#8221; etkinlikleri kapsam\u0131nda ger\u00e7ekle\u015ftirilen &#8220;Namazla Var\u0131m&#8221; konulu kompozisyon yar\u0131\u015fmas\u0131nda, Manisa il birincili\u011fini Sar\u0131g\u00f6l Anadolu \u0130mam Hatip Lisesi 11\/A s\u0131n\u0131f\u0131 \u00f6\u011frencisi \u0130brahim M\u00fcza\u00e7 kazand\u0131.<br \/>\n<br \/>Manisa Yunus Emre Anadolu \u0130mam Hatip Lisesi\u2019nde d\u00fczenlenen yar\u0131\u015fmada \u00f6d\u00fcl\u00fcn\u00fc alan \u0130brahim M\u00fcza\u00e7, okuluna d\u00f6n\u00fc\u015f\u00fcnde arkada\u015flar\u0131 ve \u00f6\u011fretmenleri taraf\u0131ndan co\u015fkuyla kar\u015f\u0131land\u0131.<br \/>\n<br \/>Sar\u0131g\u00f6l Anadolu \u0130mam Hatip Lisesi M\u00fcd\u00fcr\u00fc Murat Ta\u015f, yar\u0131\u015fmada elde edilen ba\u015far\u0131dan duydu\u011fu memnuniyeti dile getirerek, &#8220;\u00d6\u011frencimi y\u00fcrekten kutluyorum. Yar\u0131\u015fmaya 15 okul kat\u0131ld\u0131 ve \u00f6\u011frencimiz bu b\u00fcy\u00fck ba\u015far\u0131yla il\u00e7emize gurur ya\u015fatt\u0131. Okulumuza kazand\u0131rd\u0131\u011f\u0131 birincilik i\u00e7in kendisini tebrik ederim.&#8221; dedi.<br \/>\n<br \/>Sar\u0131g\u00f6l \u0130l\u00e7e Milli E\u011fitim M\u00fcd\u00fcr\u00fc Cezmi Y\u0131ld\u0131rak ise, &#8220;Ba\u015far\u0131 g\u00f6steren \u00f6\u011frencimizi, eme\u011fi ge\u00e7en \u00f6\u011fretmenlerimizi ve okul idaremizi tebrik eder, ba\u015far\u0131lar\u0131n\u0131n devam\u0131n\u0131 dilerim.&#8221; ifadelerini kulland\u0131.<br \/><\/p>\n","protected":false},"excerpt":{"rendered":"<p>Milli E\u011fitim Bakanl\u0131\u011f\u0131 Din \u00d6\u011fretimi Genel M\u00fcd\u00fcrl\u00fc\u011f\u00fc taraf\u0131ndan d\u00fczenlenen &#8220;Vakti Ku\u015fanmak&#8221; etkinlikleri kapsam\u0131nda ger\u00e7ekle\u015ftirilen &#8220;Namazla Var\u0131m&#8221; konulu kompozisyon yar\u0131\u015fmas\u0131nda, Manisa il birincili\u011fini Sar\u0131g\u00f6l Anadolu \u0130mam Hatip Lisesi 11\/A s\u0131n\u0131f\u0131 \u00f6\u011frencisi \u0130brahim M\u00fcza\u00e7 kazand\u0131. Manisa Yunus Emre Anadolu \u0130mam Hatip Lisesi\u2019nde d\u00fczenlenen yar\u0131\u015fmada \u00f6d\u00fcl\u00fcn\u00fc alan \u0130brahim M\u00fcza\u00e7, okuluna d\u00f6n\u00fc\u015f\u00fcnde arkada\u015flar\u0131 ve \u00f6\u011fretmenleri taraf\u0131ndan co\u015fkuyla kar\u015f\u0131land\u0131. Sar\u0131g\u00f6l&#8230;<\/p>\n","protected":false},"author":1,"featured_media":34605,"comment_status":"open","ping_status":"open","sticky":false,"template":"","format":"standard","meta":{"_crdt_document":"","footnotes":""},"categories":[1],"tags":[],"class_list":["post-34604","post","type-post","status-publish","format-standard","has-post-thumbnail","hentry","category-guncel"],"_links":{"self":[{"href":"https:\/\/www.egemtv.com\/index.php?rest_route=\/wp\/v2\/posts\/34604","targetHints":{"allow":["GET"]}}],"collection":[{"href":"https:\/\/www.egemtv.com\/index.php?rest_route=\/wp\/v2\/posts"}],"about":[{"href":"https:\/\/www.egemtv.com\/index.php?rest_route=\/wp\/v2\/types\/post"}],"author":[{"embeddable":true,"href":"https:\/\/www.egemtv.com\/index.php?rest_route=\/wp\/v2\/users\/1"}],"replies":[{"embeddable":true,"href":"https:\/\/www.egemtv.com\/index.php?rest_route=%2Fwp%2Fv2%2Fcomments&post=34604"}],"version-history":[{"count":1,"href":"https:\/\/www.egemtv.com\/index.php?rest_route=\/wp\/v2\/posts\/34604\/revisions"}],"predecessor-version":[{"id":34606,"href":"https:\/\/www.egemtv.com\/index.php?rest_route=\/wp\/v2\/posts\/34604\/revisions\/34606"}],"wp:featuredmedia":[{"embeddable":true,"href":"https:\/\/www.egemtv.com\/index.php?rest_route=\/wp\/v2\/media\/34605"}],"wp:attachment":[{"href":"https:\/\/www.egemtv.com\/index.php?rest_route=%2Fwp%2Fv2%2Fmedia&parent=34604"}],"wp:term":[{"taxonomy":"category","embeddable":true,"href":"https:\/\/www.egemtv.com\/index.php?rest_route=%2Fwp%2Fv2%2Fcategories&post=34604"},{"taxonomy":"post_tag","embeddable":true,"href":"https:\/\/www.egemtv.com\/index.php?rest_route=%2Fwp%2Fv2%2Ftags&post=34604"}],"curies":[{"name":"wp","href":"https:\/\/api.w.org\/{rel}","templated":true}]}}