{"id":34601,"date":"2025-06-12T15:56:06","date_gmt":"2025-06-12T12:56:06","guid":{"rendered":"https:\/\/www.egemtv.com\/?p=34601"},"modified":"2025-06-12T15:56:11","modified_gmt":"2025-06-12T12:56:11","slug":"manisanin-17-ilcesinde-yaz-tatili-sporla-gececek","status":"publish","type":"post","link":"https:\/\/www.egemtv.com\/?p=34601","title":{"rendered":"Manisa\u2019n\u0131n 17 il\u00e7esinde yaz tatili sporla ge\u00e7ecek"},"content":{"rendered":"<p>Gen\u00e7lik ve Spor Bakanl\u0131\u011f\u0131 taraf\u0131ndan her y\u0131l 81 ilde d\u00fczenlenen GSB Spor Okullar\u0131 ve GSB Engelsiz Spor Okullar\u0131\u2019n\u0131n 2025 yaz d\u00f6nemi kay\u0131tlar\u0131 Manisa\u2019da ba\u015flad\u0131.<br \/>\n<br \/>Manisa Gen\u00e7lik ve Spor \u0130l M\u00fcd\u00fcrl\u00fc\u011f\u00fc taraf\u0131ndan merkez ve 17 il\u00e7ede d\u00fczenlenecek GSB Spor Okullar\u0131 kapsam\u0131nda, 5-18 ya\u015f aras\u0131 \u00e7ocuk ve gen\u00e7lere 30 farkl\u0131 bran\u015fta tamamen \u00fccretsiz sportif e\u011fitimler sunulacak. E\u011fitimler, Manisa Gen\u00e7lik ve Spor \u0130l M\u00fcd\u00fcrl\u00fc\u011f\u00fc\u2019ne ba\u011fl\u0131 spor tesislerinde, alan\u0131nda uzman antren\u00f6rler e\u015fli\u011finde ger\u00e7ekle\u015ftirilecek.<br \/>\n<br \/>GSB Spor Okullar\u0131 kapsam\u0131nda atletizm, badminton, bocce, basketbol, boks, cimnastik, eskrim, g\u00fcre\u015f, futbol, judo, karate, hentbol, masa tenisi, tekvando, ok\u00e7uluk, voleybol, tenis, muay thai, wushu, at\u0131c\u0131l\u0131k, bisiklet, satran\u00e7, \u00e7im hokeyi, wellness, halk oyunlar\u0131, oryantiring, flor curling, dart, su topu ve y\u00fczme gibi bir\u00e7ok bran\u015fta kurs imk\u00e2n\u0131 sunulacak.<br \/>\n<br \/>Ayr\u0131ca, Gen\u00e7lik ve Spor Bakanl\u0131\u011f\u0131\u2019n\u0131n &#8220;Y\u00fczme Bilmeyen Kalmas\u0131n&#8221; projesi kapsam\u0131nda 7\u2019den 70\u2019e herkese y\u00fczme kurslar\u0131 verilecek. GSB Engelsiz Spor Okullar\u0131 \u00e7er\u00e7evesinde ise engelli bireylere y\u00f6nelik y\u00fczme ve cimnastik kurslar\u0131 d\u00fczenlenecek.<br \/>\n<br \/>Konuya ili\u015fkin a\u00e7\u0131klamalarda bulunan Manisa Gen\u00e7lik ve Spor \u0130l M\u00fcd\u00fcr\u00fc Yunus \u00d6zt\u00fcrk, GSB Spor Okullar\u0131\u2019n\u0131n \u00e7ocuklar ve gen\u00e7ler i\u00e7in b\u00fcy\u00fck bir f\u0131rsat sundu\u011funu belirterek, \u015funlar\u0131 s\u00f6yledi: &#8220;Yaz tatilinde \u00e7ocuklar\u0131m\u0131z\u0131n ve gen\u00e7lerimizin hem fiziksel hem de sosyal y\u00f6nden geli\u015fimlerine katk\u0131 sa\u011flamak amac\u0131yla 30\u2019dan fazla bran\u015fta \u00fccretsiz sportif kurslar d\u00fczenliyoruz. Gen\u00e7lik ve Spor Bakanl\u0131\u011f\u0131m\u0131z\u0131n yat\u0131r\u0131mlar\u0131 sayesinde Manisa\u2019m\u0131z\u0131n 17 il\u00e7esinde modern spor tesislerine sahibiz. Uzman antren\u00f6r kadromuzla, \u00e7ocuklar\u0131m\u0131z\u0131n yaz tatilini en verimli \u015fekilde ge\u00e7irmesi i\u00e7in \u00e7al\u0131\u015f\u0131yoruz. Velilerimiz, \u00e7ocuklar\u0131n\u0131n kay\u0131tlar\u0131n\u0131 yaz boyunca yapt\u0131rabilirler. T\u00fcm Manisal\u0131lar\u0131 GSB Spor Okullar\u0131\u2019na davet ediyoruz.&#8221; dedi.<br \/><\/p>\n","protected":false},"excerpt":{"rendered":"<p>Gen\u00e7lik ve Spor Bakanl\u0131\u011f\u0131 taraf\u0131ndan her y\u0131l 81 ilde d\u00fczenlenen GSB Spor Okullar\u0131 ve GSB Engelsiz Spor Okullar\u0131\u2019n\u0131n 2025 yaz d\u00f6nemi kay\u0131tlar\u0131 Manisa\u2019da ba\u015flad\u0131. Manisa Gen\u00e7lik ve Spor \u0130l M\u00fcd\u00fcrl\u00fc\u011f\u00fc taraf\u0131ndan merkez ve 17 il\u00e7ede d\u00fczenlenecek GSB Spor Okullar\u0131 kapsam\u0131nda, 5-18 ya\u015f aras\u0131 \u00e7ocuk ve gen\u00e7lere 30 farkl\u0131 bran\u015fta tamamen \u00fccretsiz sportif e\u011fitimler sunulacak. E\u011fitimler,&#8230;<\/p>\n","protected":false},"author":1,"featured_media":34602,"comment_status":"open","ping_status":"open","sticky":false,"template":"","format":"standard","meta":{"_crdt_document":"","footnotes":""},"categories":[4],"tags":[],"class_list":["post-34601","post","type-post","status-publish","format-standard","has-post-thumbnail","hentry","category-spor"],"_links":{"self":[{"href":"https:\/\/www.egemtv.com\/index.php?rest_route=\/wp\/v2\/posts\/34601","targetHints":{"allow":["GET"]}}],"collection":[{"href":"https:\/\/www.egemtv.com\/index.php?rest_route=\/wp\/v2\/posts"}],"about":[{"href":"https:\/\/www.egemtv.com\/index.php?rest_route=\/wp\/v2\/types\/post"}],"author":[{"embeddable":true,"href":"https:\/\/www.egemtv.com\/index.php?rest_route=\/wp\/v2\/users\/1"}],"replies":[{"embeddable":true,"href":"https:\/\/www.egemtv.com\/index.php?rest_route=%2Fwp%2Fv2%2Fcomments&post=34601"}],"version-history":[{"count":1,"href":"https:\/\/www.egemtv.com\/index.php?rest_route=\/wp\/v2\/posts\/34601\/revisions"}],"predecessor-version":[{"id":34603,"href":"https:\/\/www.egemtv.com\/index.php?rest_route=\/wp\/v2\/posts\/34601\/revisions\/34603"}],"wp:featuredmedia":[{"embeddable":true,"href":"https:\/\/www.egemtv.com\/index.php?rest_route=\/wp\/v2\/media\/34602"}],"wp:attachment":[{"href":"https:\/\/www.egemtv.com\/index.php?rest_route=%2Fwp%2Fv2%2Fmedia&parent=34601"}],"wp:term":[{"taxonomy":"category","embeddable":true,"href":"https:\/\/www.egemtv.com\/index.php?rest_route=%2Fwp%2Fv2%2Fcategories&post=34601"},{"taxonomy":"post_tag","embeddable":true,"href":"https:\/\/www.egemtv.com\/index.php?rest_route=%2Fwp%2Fv2%2Ftags&post=34601"}],"curies":[{"name":"wp","href":"https:\/\/api.w.org\/{rel}","templated":true}]}}