{"id":34598,"date":"2025-06-12T15:36:54","date_gmt":"2025-06-12T12:36:54","guid":{"rendered":"https:\/\/www.egemtv.com\/?p=34598"},"modified":"2025-06-12T15:36:56","modified_gmt":"2025-06-12T12:36:56","slug":"kendi-isini-kurmak-isteyen-engelli-ve-eski-hukumluler-icin-basvurular-basladi","status":"publish","type":"post","link":"https:\/\/www.egemtv.com\/?p=34598","title":{"rendered":"Kendi i\u015fini kurmak isteyen engelli ve eski h\u00fck\u00fcml\u00fcler i\u00e7in ba\u015fvurular ba\u015flad\u0131"},"content":{"rendered":"<p>Ayd\u0131n \u00c7al\u0131\u015fma ve \u0130\u015f Kurumu \u0130l M\u00fcd\u00fcrl\u00fc\u011f\u00fc kendi i\u015fini kurmak isteyen engelli ve eski h\u00fck\u00fcml\u00fc vatanda\u015flara y\u00f6nelik 2025\/2. D\u00f6nem hibe destek ba\u015fvurular\u0131n\u0131n ba\u015flad\u0131\u011f\u0131n\u0131 duyururken, m\u00fcd\u00fcrl\u00fckten yap\u0131lan a\u00e7\u0131klamaya g\u00f6re son ba\u015fvuru tarihi 27 Haziran 2025 olarak belirlendi.<\/p>\n<p>Engelli ve eski h\u00fck\u00fcml\u00fc \u00e7al\u0131\u015ft\u0131rmayan i\u015fverenlerden tahsil edilen idari para cezalar\u0131, art\u0131k dezavantajl\u0131 bireylerin i\u015f g\u00fcc\u00fcne kazand\u0131r\u0131lmas\u0131 i\u00e7in kullan\u0131lacak. Bu kapsamda, engellilere mesleki e\u011fitim, i\u015f yeri uyum deste\u011fi, korumal\u0131 i\u015fyeri modelleri ve destekli istihdam gibi alanlarda projelere hibe verilecek. Ayd\u0131n \u00c7al\u0131\u015fma ve \u0130\u015f Kurumu \u0130l M\u00fcd\u00fcrl\u00fc\u011f\u00fc taraf\u0131ndan yap\u0131lan bilgilendirmede, kendi i\u015fini kurmak isteyen engellilere kurulu\u015f i\u015flemleri, i\u015fletme giderleri ve demirba\u015f temini i\u00e7in destek verilece\u011fi belirtildi. Tar\u0131m ve hayvanc\u0131l\u0131k alan\u0131nda faaliyet g\u00f6sterecek engelliler i\u00e7in destek miktar\u0131 440 bin TL, di\u011fer i\u015f kollar\u0131 i\u00e7in ise 580 bin TL olarak belirlendi.<\/p>\n<p>Eski h\u00fck\u00fcml\u00fclere demirba\u015f deste\u011fi<br \/>\n<br \/>Eski h\u00fck\u00fcml\u00fcler de hibe program\u0131ndan yararlanabilecek. Demirba\u015f al\u0131m\u0131na y\u00f6nelik sa\u011flanacak destek, tar\u0131m ve hayvanc\u0131l\u0131k i\u00e7in 350 bin TL, di\u011fer projeler i\u00e7in ise 435 bin TL olacak.<\/p>\n<p>Ayd\u0131n\u2019da 190 ki\u015fi kendi i\u015fini kurdu<br \/>\n<br \/>Ayd\u0131n \u00c7al\u0131\u015fma ve \u0130\u015f Kurumu \u0130l M\u00fcd\u00fcrl\u00fc\u011f\u00fc bug\u00fcne kadar il genelinde 114\u2019\u00fc engelli, 76\u2019s\u0131 ise eski h\u00fck\u00fcml\u00fc vatanda\u015flar olmak \u00fczere toplamda 190 ki\u015fiye hibe deste\u011fi vererek kendi i\u015fini kurmalar\u0131 sa\u011fland\u0131\u011f\u0131n\u0131 belirtti. Bug\u00fcne kadar yakla\u015f\u0131k 11.6 milyon TL hibe \u00f6demesi yap\u0131l\u0131rken, bu projelerin Ayd\u0131n ekonomisine de katk\u0131 sundu\u011fu vurguland\u0131.<\/p>\n<p>Detayl\u0131 bilgi ve teknik destek sunuluyor<br \/>\n<br \/>Proje haz\u0131rlamak isteyen vatanda\u015flara teknik destek sa\u011flanaca\u011f\u0131 belirtilirken, ba\u015fvuru \u015fartlar\u0131 ve detayl\u0131 bilgiye \u0130l M\u00fcd\u00fcrl\u00fc\u011f\u00fc, hizmet merkezleri ve www.iskur.gov.tr adresinden ula\u015f\u0131labilece\u011fi kaydedildi.<\/p>\n<p>Ba\u015fvuru \u015eartlar\u0131 Neler?<br \/>\n<br \/>kendi i\u015fini kurmak isteyen engelli ve eski h\u00fck\u00fcml\u00fc vatanda\u015flara y\u00f6nelik 2025\/2. D\u00f6nem hibe destek ba\u015fvurular\u0131 i\u00e7in aranan \u015fartlar ise; en az y\u00fczde 40 engelli sa\u011fl\u0131k kurulu raporuna sahip olmak, 18 ya\u015f\u0131n\u0131 doldurmu\u015f olmak, emekli olmamak, eski h\u00fck\u00fcml\u00fc stat\u00fcs\u00fcnde bulunmak (denetimli serbestlik dahil) gerekti\u011fi belirtildi.<\/p>\n<p>Ayd\u0131n \u00c7al\u0131\u015fma ve \u0130\u015f Kurumu yetkilileri, &#8220;Hayaller engelsizdir&#8221; \u015fiar\u0131yla dezavantajl\u0131 vatanda\u015flara destek olmaya devam edeceklerini vurgulad\u0131.<br \/><\/p>\n","protected":false},"excerpt":{"rendered":"<p>Ayd\u0131n \u00c7al\u0131\u015fma ve \u0130\u015f Kurumu \u0130l M\u00fcd\u00fcrl\u00fc\u011f\u00fc kendi i\u015fini kurmak isteyen engelli ve eski h\u00fck\u00fcml\u00fc vatanda\u015flara y\u00f6nelik 2025\/2. D\u00f6nem hibe destek ba\u015fvurular\u0131n\u0131n ba\u015flad\u0131\u011f\u0131n\u0131 duyururken, m\u00fcd\u00fcrl\u00fckten yap\u0131lan a\u00e7\u0131klamaya g\u00f6re son ba\u015fvuru tarihi 27 Haziran 2025 olarak belirlendi. Engelli ve eski h\u00fck\u00fcml\u00fc \u00e7al\u0131\u015ft\u0131rmayan i\u015fverenlerden tahsil edilen idari para cezalar\u0131, art\u0131k dezavantajl\u0131 bireylerin i\u015f g\u00fcc\u00fcne kazand\u0131r\u0131lmas\u0131 i\u00e7in kullan\u0131lacak&#8230;.<\/p>\n","protected":false},"author":1,"featured_media":34599,"comment_status":"open","ping_status":"open","sticky":false,"template":"","format":"standard","meta":{"_crdt_document":"","footnotes":""},"categories":[1],"tags":[],"class_list":["post-34598","post","type-post","status-publish","format-standard","has-post-thumbnail","hentry","category-guncel"],"_links":{"self":[{"href":"https:\/\/www.egemtv.com\/index.php?rest_route=\/wp\/v2\/posts\/34598","targetHints":{"allow":["GET"]}}],"collection":[{"href":"https:\/\/www.egemtv.com\/index.php?rest_route=\/wp\/v2\/posts"}],"about":[{"href":"https:\/\/www.egemtv.com\/index.php?rest_route=\/wp\/v2\/types\/post"}],"author":[{"embeddable":true,"href":"https:\/\/www.egemtv.com\/index.php?rest_route=\/wp\/v2\/users\/1"}],"replies":[{"embeddable":true,"href":"https:\/\/www.egemtv.com\/index.php?rest_route=%2Fwp%2Fv2%2Fcomments&post=34598"}],"version-history":[{"count":1,"href":"https:\/\/www.egemtv.com\/index.php?rest_route=\/wp\/v2\/posts\/34598\/revisions"}],"predecessor-version":[{"id":34600,"href":"https:\/\/www.egemtv.com\/index.php?rest_route=\/wp\/v2\/posts\/34598\/revisions\/34600"}],"wp:featuredmedia":[{"embeddable":true,"href":"https:\/\/www.egemtv.com\/index.php?rest_route=\/wp\/v2\/media\/34599"}],"wp:attachment":[{"href":"https:\/\/www.egemtv.com\/index.php?rest_route=%2Fwp%2Fv2%2Fmedia&parent=34598"}],"wp:term":[{"taxonomy":"category","embeddable":true,"href":"https:\/\/www.egemtv.com\/index.php?rest_route=%2Fwp%2Fv2%2Fcategories&post=34598"},{"taxonomy":"post_tag","embeddable":true,"href":"https:\/\/www.egemtv.com\/index.php?rest_route=%2Fwp%2Fv2%2Ftags&post=34598"}],"curies":[{"name":"wp","href":"https:\/\/api.w.org\/{rel}","templated":true}]}}