{"id":34592,"date":"2025-06-12T15:36:42","date_gmt":"2025-06-12T12:36:42","guid":{"rendered":"https:\/\/www.egemtv.com\/?p=34592"},"modified":"2025-06-12T15:36:48","modified_gmt":"2025-06-12T12:36:48","slug":"igm-haziran-ayi-calismalari-devam-ediyor","status":"publish","type":"post","link":"https:\/\/www.egemtv.com\/?p=34592","title":{"rendered":"\u0130GM haziran ay\u0131 \u00e7al\u0131\u015fmalar\u0131 devam ediyor"},"content":{"rendered":"<p>Afyonkarahisar \u0130l Genel Meclisi (\u0130GM) haziran ay\u0131 \u00e7al\u0131\u015fmalar\u0131 bug\u00fcn ger\u00e7ekle\u015ftirilen 4.\u2019nc\u00fc birle\u015fim ile devam etti.<br \/>\n<br \/>\u0130GM Ba\u015fkan\u0131 Mehmet Siper Ba\u015fkanl\u0131\u011f\u0131nda ger\u00e7ekle\u015ftirilen toplant\u0131da \u00e7ok say\u0131da g\u00fcndem maddeler g\u00f6r\u00fc\u015f\u00fclerek karar ba\u011fland\u0131. Toplant\u0131da g\u00f6r\u00fc\u015f\u00fclen maddelerden \u20182025 Mali Y\u0131l\u0131 B\u00fct\u00e7esi ile Dinar \u0130l\u00e7esi K\u00f6ylere Hizmet G\u00f6t\u00fcrme Birli\u011fine Beton Parke ve Bord\u00fcr Yap\u0131m\u0131 i\u00e7in tahsis edilen 3 milyon 850 bin TL \u00f6dene\u011fin birlik hizmetlerinde kullan\u0131lmak \u00fczere tahsis de\u011fi\u015fikli\u011finin yap\u0131lmas\u0131 konusundaki komisyon raporlar\u0131n\u0131n g\u00f6r\u00fc\u015f\u00fclmesi, \u015euhut \u0130l\u00e7esi K\u00f6ylere Hizmet G\u00f6t\u00fcrme Birli\u011fine Tar\u0131m Hizmetler Makine Te\u00e7hizat Mal ve Hizmet Al\u0131m\u0131 i\u00e7in tahsis edilen 350 bin TL \u00f6dene\u011fin \u015euhut il\u00e7esi Tar\u0131m ve Orman M\u00fcd\u00fcrl\u00fc\u011f\u00fcne arazi arac\u0131 al\u0131nabilmesi i\u00e7in tahsis de\u011fi\u015fikli\u011fi yap\u0131lmas\u0131 konusundaki komisyon raporlar\u0131n\u0131n g\u00f6r\u00fc\u015f\u00fclmesi\u2019 konular\u0131 g\u00f6r\u00fc\u015f\u00fclerek kabul edildi.<br \/>\n<br \/>\u0130GM haziran ay\u0131 \u00e7al\u0131\u015fmalar\u0131n\u0131n yar\u0131n ger\u00e7ekle\u015ftirilecek birle\u015fim ile sona erece\u011fi belirtildi.<br \/><\/p>\n","protected":false},"excerpt":{"rendered":"<p>Afyonkarahisar \u0130l Genel Meclisi (\u0130GM) haziran ay\u0131 \u00e7al\u0131\u015fmalar\u0131 bug\u00fcn ger\u00e7ekle\u015ftirilen 4.\u2019nc\u00fc birle\u015fim ile devam etti. \u0130GM Ba\u015fkan\u0131 Mehmet Siper Ba\u015fkanl\u0131\u011f\u0131nda ger\u00e7ekle\u015ftirilen toplant\u0131da \u00e7ok say\u0131da g\u00fcndem maddeler g\u00f6r\u00fc\u015f\u00fclerek karar ba\u011fland\u0131. Toplant\u0131da g\u00f6r\u00fc\u015f\u00fclen maddelerden \u20182025 Mali Y\u0131l\u0131 B\u00fct\u00e7esi ile Dinar \u0130l\u00e7esi K\u00f6ylere Hizmet G\u00f6t\u00fcrme Birli\u011fine Beton Parke ve Bord\u00fcr Yap\u0131m\u0131 i\u00e7in tahsis edilen 3 milyon 850 bin&#8230;<\/p>\n","protected":false},"author":1,"featured_media":34593,"comment_status":"open","ping_status":"open","sticky":false,"template":"","format":"standard","meta":{"_crdt_document":"","footnotes":""},"categories":[1],"tags":[],"class_list":["post-34592","post","type-post","status-publish","format-standard","has-post-thumbnail","hentry","category-guncel"],"_links":{"self":[{"href":"https:\/\/www.egemtv.com\/index.php?rest_route=\/wp\/v2\/posts\/34592","targetHints":{"allow":["GET"]}}],"collection":[{"href":"https:\/\/www.egemtv.com\/index.php?rest_route=\/wp\/v2\/posts"}],"about":[{"href":"https:\/\/www.egemtv.com\/index.php?rest_route=\/wp\/v2\/types\/post"}],"author":[{"embeddable":true,"href":"https:\/\/www.egemtv.com\/index.php?rest_route=\/wp\/v2\/users\/1"}],"replies":[{"embeddable":true,"href":"https:\/\/www.egemtv.com\/index.php?rest_route=%2Fwp%2Fv2%2Fcomments&post=34592"}],"version-history":[{"count":1,"href":"https:\/\/www.egemtv.com\/index.php?rest_route=\/wp\/v2\/posts\/34592\/revisions"}],"predecessor-version":[{"id":34594,"href":"https:\/\/www.egemtv.com\/index.php?rest_route=\/wp\/v2\/posts\/34592\/revisions\/34594"}],"wp:featuredmedia":[{"embeddable":true,"href":"https:\/\/www.egemtv.com\/index.php?rest_route=\/wp\/v2\/media\/34593"}],"wp:attachment":[{"href":"https:\/\/www.egemtv.com\/index.php?rest_route=%2Fwp%2Fv2%2Fmedia&parent=34592"}],"wp:term":[{"taxonomy":"category","embeddable":true,"href":"https:\/\/www.egemtv.com\/index.php?rest_route=%2Fwp%2Fv2%2Fcategories&post=34592"},{"taxonomy":"post_tag","embeddable":true,"href":"https:\/\/www.egemtv.com\/index.php?rest_route=%2Fwp%2Fv2%2Ftags&post=34592"}],"curies":[{"name":"wp","href":"https:\/\/api.w.org\/{rel}","templated":true}]}}