{"id":34589,"date":"2025-06-12T15:16:03","date_gmt":"2025-06-12T12:16:03","guid":{"rendered":"https:\/\/www.egemtv.com\/?p=34589"},"modified":"2025-06-12T15:16:11","modified_gmt":"2025-06-12T12:16:11","slug":"ak-partiden-belediyeye-pazar-yeri-tepkisi-50-yillik-aliskanligi-yok-sayamazsiniz","status":"publish","type":"post","link":"https:\/\/www.egemtv.com\/?p=34589","title":{"rendered":"AK Parti\u2019den belediyeye pazar yeri tepkisi: &#8220;50 y\u0131ll\u0131k al\u0131\u015fkanl\u0131\u011f\u0131 yok sayamazs\u0131n\u0131z&#8221;"},"content":{"rendered":"<p>K\u00fctahya Belediyesi\u2019nin, kent merkezindeki \u00c7ar\u015famba ve Cumartesi g\u00fcnleri kurulan pazar yerlerini kald\u0131rma veya ba\u015fka bir alana ta\u015f\u0131ma plan\u0131, kamuoyunda geni\u015f yank\u0131 uyand\u0131rd\u0131. Konuyla ilgili bir a\u00e7\u0131klama yapan AK Parti K\u00fctahya Merkez \u0130l\u00e7e Ba\u015fkan\u0131 Murat Af\u015far\u00fcnal, al\u0131nmas\u0131 g\u00fcndemde olan karara sert tepki g\u00f6sterdi.<br \/>\n<br \/>Ba\u015fkan Af\u015far\u00fcnal, a\u00e7\u0131klamas\u0131nda pazar yerinin sadece bir al\u0131\u015fveri\u015f alan\u0131 olmad\u0131\u011f\u0131n\u0131, \u00e7evresinde bulunan 12 mahalleye ve yakla\u015f\u0131k 23.500 ki\u015filik bir n\u00fcfusa hizmet veren \u00f6nemli bir merkez oldu\u011funu vurgulad\u0131. \u00c7ar\u015famba ve Cumartesi pazarlar\u0131n\u0131n, K\u00fctahya\u2019da yar\u0131m asr\u0131 a\u015fk\u0131n s\u00fcredir devam eden bir al\u0131\u015fkanl\u0131k oldu\u011funu belirten Af\u015far\u00fcnal, belediyenin bu karar\u0131yla halk\u0131n temel ihtiya\u00e7lar\u0131na ve yerle\u015fik ya\u015fam d\u00fczenine zarar verece\u011fini ifade etti.<br \/>\n<br \/>&#8220;Bu karar, K\u00fctahya\u2019n\u0131n yakla\u015f\u0131k 50 y\u0131ll\u0131k bir al\u0131\u015fkanl\u0131\u011f\u0131n\u0131 ortadan kald\u0131rmak anlam\u0131na gelmektedir&#8221; diyen Af\u015far\u00fcnal, s\u00f6z konusu pazar\u0131n Cumhuriyet Caddesi ve As\u0131m Y\u0131ld\u0131z Caddesi\u2019ndeki esnaf i\u00e7in de hayati \u00f6neme sahip oldu\u011funu belirtti.<br \/>\n<br \/>A\u00e7\u0131klamas\u0131nda, Belediye Ba\u015fkan\u0131 Ey\u00fcp Kahveci\u2019nin se\u00e7im d\u00f6neminde verdi\u011fi s\u00f6zleri yerine getirmedi\u011fini de s\u00f6yleyen Af\u015far\u00fcnal, \u015f\u00f6yle devam etti: &#8220;Say\u0131n Ba\u015fkan, halk\u0131m\u0131z\u0131n al\u0131\u015fkanl\u0131klar\u0131n\u0131 ve ihtiya\u00e7lar\u0131n\u0131 g\u00f6rmezden gelerek, ya\u015fam\u0131 daha da zorla\u015ft\u0131racak bir karar\u0131n e\u015fi\u011findedir. Bu nedenle kendisini, bu karar\u0131 yeniden de\u011ferlendirmeye, halk\u0131m\u0131z\u0131n sesine kulak vermeye ve K\u00fctahyal\u0131 hem\u015fehrilerimizin taleplerine sayg\u0131 g\u00f6stermeye davet ediyoruz.&#8221;<br \/><\/p>\n","protected":false},"excerpt":{"rendered":"<p>K\u00fctahya Belediyesi\u2019nin, kent merkezindeki \u00c7ar\u015famba ve Cumartesi g\u00fcnleri kurulan pazar yerlerini kald\u0131rma veya ba\u015fka bir alana ta\u015f\u0131ma plan\u0131, kamuoyunda geni\u015f yank\u0131 uyand\u0131rd\u0131. Konuyla ilgili bir a\u00e7\u0131klama yapan AK Parti K\u00fctahya Merkez \u0130l\u00e7e Ba\u015fkan\u0131 Murat Af\u015far\u00fcnal, al\u0131nmas\u0131 g\u00fcndemde olan karara sert tepki g\u00f6sterdi. Ba\u015fkan Af\u015far\u00fcnal, a\u00e7\u0131klamas\u0131nda pazar yerinin sadece bir al\u0131\u015fveri\u015f alan\u0131 olmad\u0131\u011f\u0131n\u0131, \u00e7evresinde bulunan 12&#8230;<\/p>\n","protected":false},"author":1,"featured_media":34590,"comment_status":"open","ping_status":"open","sticky":false,"template":"","format":"standard","meta":{"_crdt_document":"","footnotes":""},"categories":[1],"tags":[],"class_list":["post-34589","post","type-post","status-publish","format-standard","has-post-thumbnail","hentry","category-guncel"],"_links":{"self":[{"href":"https:\/\/www.egemtv.com\/index.php?rest_route=\/wp\/v2\/posts\/34589","targetHints":{"allow":["GET"]}}],"collection":[{"href":"https:\/\/www.egemtv.com\/index.php?rest_route=\/wp\/v2\/posts"}],"about":[{"href":"https:\/\/www.egemtv.com\/index.php?rest_route=\/wp\/v2\/types\/post"}],"author":[{"embeddable":true,"href":"https:\/\/www.egemtv.com\/index.php?rest_route=\/wp\/v2\/users\/1"}],"replies":[{"embeddable":true,"href":"https:\/\/www.egemtv.com\/index.php?rest_route=%2Fwp%2Fv2%2Fcomments&post=34589"}],"version-history":[{"count":1,"href":"https:\/\/www.egemtv.com\/index.php?rest_route=\/wp\/v2\/posts\/34589\/revisions"}],"predecessor-version":[{"id":34591,"href":"https:\/\/www.egemtv.com\/index.php?rest_route=\/wp\/v2\/posts\/34589\/revisions\/34591"}],"wp:featuredmedia":[{"embeddable":true,"href":"https:\/\/www.egemtv.com\/index.php?rest_route=\/wp\/v2\/media\/34590"}],"wp:attachment":[{"href":"https:\/\/www.egemtv.com\/index.php?rest_route=%2Fwp%2Fv2%2Fmedia&parent=34589"}],"wp:term":[{"taxonomy":"category","embeddable":true,"href":"https:\/\/www.egemtv.com\/index.php?rest_route=%2Fwp%2Fv2%2Fcategories&post=34589"},{"taxonomy":"post_tag","embeddable":true,"href":"https:\/\/www.egemtv.com\/index.php?rest_route=%2Fwp%2Fv2%2Ftags&post=34589"}],"curies":[{"name":"wp","href":"https:\/\/api.w.org\/{rel}","templated":true}]}}