{"id":34586,"date":"2025-06-12T15:15:52","date_gmt":"2025-06-12T12:15:52","guid":{"rendered":"https:\/\/www.egemtv.com\/?p=34586"},"modified":"2025-06-12T15:16:03","modified_gmt":"2025-06-12T12:16:03","slug":"arama-kurtarma-egitimi-alan-personellere-sertifikalari-verildi","status":"publish","type":"post","link":"https:\/\/www.egemtv.com\/?p=34586","title":{"rendered":"Arama kurtarma e\u011fitimi alan personellere sertifikalar\u0131 verildi"},"content":{"rendered":"<p>\u015euhut Belediyesi ve AFAD Afyonkarahisar \u0130l M\u00fcd\u00fcrl\u00fc\u011f\u00fc i\u015fbirli\u011finde hayata ge\u00e7irilen \u015euhut Arama Kurtarma Ekibine sertifika da\u011f\u0131t\u0131m t\u00f6reni ger\u00e7ekle\u015ftirildi.<br \/>\n<br \/>\u015euhut Belediyesi\u2019nde g\u00f6revli ve sivil vatanda\u015flardan olu\u015fan ekip AFAD \u0130l M\u00fcd\u00fcrl\u00fc\u011f\u00fc\u2019nde depremde arama kurtarma e\u011fitimi g\u00f6rd\u00fc ve e\u011fitim sonras\u0131 kat\u0131l\u0131mc\u0131lara sertifikalar\u0131 takdim edildi.<br \/>\n<br \/>\u015euhut Ke\u015fkek Evi\u2019nde d\u00fczenlenen sertifika da\u011f\u0131t\u0131m t\u00f6renine Afyonkarahisar Vali Yard\u0131mc\u0131s\u0131 Mehmet Keklik, \u015euhut Kaymakam\u0131 \u0130zzet Cem Eser, \u015euhut Belediye Ba\u015fkan\u0131 Muhittin \u00d6za\u015fk\u0131n, AFAD \u0130l M\u00fcd\u00fcr Vekili H\u00fcseyin Sar\u0131kaya, \u015euhut \u0130l\u00e7e Protokol\u00fc, AFAD yetkilileri ile sertifika almaya hak kazanan \u015euhut Arama Kurtarma ekibi \u00fcyeleri kat\u0131ld\u0131.<br \/>\n<br \/>T\u00f6rende s\u0131ras\u0131yla \u015euhut Belediye Ba\u015fkan\u0131 Muhittin \u00d6za\u015fk\u0131n, AFAD \u0130l M\u00fcd\u00fcr Vekili H\u00fcseyin Sar\u0131kaya, \u015euhut Kaymakam\u0131 \u0130zzet Cem Eser ve Afyonkarahisar Vali Yard\u0131mc\u0131s\u0131 Mehmet Keklik birer konu\u015fma yapt\u0131lar. Konu\u015fmalarda depreme kar\u015f\u0131 daima haz\u0131rl\u0131kl\u0131 olman\u0131n ve arama kurtarma ekiplerinin \u00f6nemine vurgu yap\u0131ld\u0131.<br \/><\/p>\n","protected":false},"excerpt":{"rendered":"<p>\u015euhut Belediyesi ve AFAD Afyonkarahisar \u0130l M\u00fcd\u00fcrl\u00fc\u011f\u00fc i\u015fbirli\u011finde hayata ge\u00e7irilen \u015euhut Arama Kurtarma Ekibine sertifika da\u011f\u0131t\u0131m t\u00f6reni ger\u00e7ekle\u015ftirildi. \u015euhut Belediyesi\u2019nde g\u00f6revli ve sivil vatanda\u015flardan olu\u015fan ekip AFAD \u0130l M\u00fcd\u00fcrl\u00fc\u011f\u00fc\u2019nde depremde arama kurtarma e\u011fitimi g\u00f6rd\u00fc ve e\u011fitim sonras\u0131 kat\u0131l\u0131mc\u0131lara sertifikalar\u0131 takdim edildi. \u015euhut Ke\u015fkek Evi\u2019nde d\u00fczenlenen sertifika da\u011f\u0131t\u0131m t\u00f6renine Afyonkarahisar Vali Yard\u0131mc\u0131s\u0131 Mehmet Keklik, \u015euhut Kaymakam\u0131&#8230;<\/p>\n","protected":false},"author":1,"featured_media":34587,"comment_status":"open","ping_status":"open","sticky":false,"template":"","format":"standard","meta":{"_crdt_document":"","footnotes":""},"categories":[1],"tags":[],"class_list":["post-34586","post","type-post","status-publish","format-standard","has-post-thumbnail","hentry","category-guncel"],"_links":{"self":[{"href":"https:\/\/www.egemtv.com\/index.php?rest_route=\/wp\/v2\/posts\/34586","targetHints":{"allow":["GET"]}}],"collection":[{"href":"https:\/\/www.egemtv.com\/index.php?rest_route=\/wp\/v2\/posts"}],"about":[{"href":"https:\/\/www.egemtv.com\/index.php?rest_route=\/wp\/v2\/types\/post"}],"author":[{"embeddable":true,"href":"https:\/\/www.egemtv.com\/index.php?rest_route=\/wp\/v2\/users\/1"}],"replies":[{"embeddable":true,"href":"https:\/\/www.egemtv.com\/index.php?rest_route=%2Fwp%2Fv2%2Fcomments&post=34586"}],"version-history":[{"count":1,"href":"https:\/\/www.egemtv.com\/index.php?rest_route=\/wp\/v2\/posts\/34586\/revisions"}],"predecessor-version":[{"id":34588,"href":"https:\/\/www.egemtv.com\/index.php?rest_route=\/wp\/v2\/posts\/34586\/revisions\/34588"}],"wp:featuredmedia":[{"embeddable":true,"href":"https:\/\/www.egemtv.com\/index.php?rest_route=\/wp\/v2\/media\/34587"}],"wp:attachment":[{"href":"https:\/\/www.egemtv.com\/index.php?rest_route=%2Fwp%2Fv2%2Fmedia&parent=34586"}],"wp:term":[{"taxonomy":"category","embeddable":true,"href":"https:\/\/www.egemtv.com\/index.php?rest_route=%2Fwp%2Fv2%2Fcategories&post=34586"},{"taxonomy":"post_tag","embeddable":true,"href":"https:\/\/www.egemtv.com\/index.php?rest_route=%2Fwp%2Fv2%2Ftags&post=34586"}],"curies":[{"name":"wp","href":"https:\/\/api.w.org\/{rel}","templated":true}]}}