{"id":34583,"date":"2025-06-12T15:15:48","date_gmt":"2025-06-12T12:15:48","guid":{"rendered":"https:\/\/www.egemtv.com\/?p=34583"},"modified":"2025-06-12T15:15:52","modified_gmt":"2025-06-12T12:15:52","slug":"bu-kez-baba-adaylari-da-egitime-katildi","status":"publish","type":"post","link":"https:\/\/www.egemtv.com\/?p=34583","title":{"rendered":"Bu kez baba adaylar\u0131 da e\u011fitime kat\u0131ld\u0131"},"content":{"rendered":"<p>Nazilli Devlet Hastanesi\u2019nde ger\u00e7ekle\u015ftirilen Ak\u015fam Gebe Okulu E\u011fitimi aral\u0131ks\u0131z s\u00fcrerken, bu kez e\u011fitimlere baba adaylar\u0131 da kat\u0131ld\u0131.<\/p>\n<p>Nazilli Devlet Hastanesi\u2019nde d\u00fczenlenen Ak\u015fam Gebe Okulu e\u011fitimi bu kez farkl\u0131 bir heyecana sahne oldu. E\u011fitim program\u0131na anne adaylar\u0131n\u0131n yan\u0131 s\u0131ra baba adaylar\u0131 da dahil edildi. Yo\u011fun ilgi g\u00f6ren e\u011fitim, kat\u0131l\u0131mc\u0131lar taraf\u0131ndan b\u00fcy\u00fck be\u011feni toplad\u0131. E\u011fitimde, do\u011fum s\u00fcrecinde uygulanabilecek rahatlama teknikleri, masaj uygulamalar\u0131, nefes egzersizleri gibi pratik bilgiler payla\u015f\u0131ld\u0131. Ayr\u0131ca do\u011fum sonras\u0131 d\u00f6nemde annenin ve bebe\u011fin desteklenmesi, bebek bak\u0131m\u0131, anne s\u00fct\u00fc ve emzirmenin \u00f6nemi gibi konular da kapsaml\u0131 \u015fekilde ele al\u0131nd\u0131.<\/p>\n<p>Konu ile ilgili Nazilli Devlet Hastanesi\u2019nden yap\u0131lan a\u00e7\u0131klamada &#8220;Anne ve baba adaylar\u0131n\u0131n birlikte kat\u0131l\u0131m\u0131yla ebeveynli\u011fe ilk ad\u0131mlar\u0131n at\u0131ld\u0131\u011f\u0131 e\u011fitim program\u0131, bilgi payla\u015f\u0131m\u0131 kadar duygusal anlara da sahne oldu. E\u011fitim sonunda kat\u0131l\u0131mc\u0131lara te\u015fekk\u00fcr eden Gebe Okulu E\u011fitimcilerimiz Canan \u00d6zel\u00e7i ve Yeliz Fidan Oktay, t\u00fcm anne ve baba adaylar\u0131na sa\u011fl\u0131kl\u0131, mutlu bir do\u011fum s\u00fcreci diledi. Gebe okulu e\u011fitimlerini hem g\u00fcnd\u00fcz hem de ak\u015fam saatlerinde d\u00fczenleyerek daha fazla anne-baba aday\u0131na ula\u015fmay\u0131 ve onlar\u0131 do\u011fuma haz\u0131rlamay\u0131 hedefliyoruz&#8221; ifadeleri yer ald\u0131.<br \/><\/p>\n","protected":false},"excerpt":{"rendered":"<p>Nazilli Devlet Hastanesi\u2019nde ger\u00e7ekle\u015ftirilen Ak\u015fam Gebe Okulu E\u011fitimi aral\u0131ks\u0131z s\u00fcrerken, bu kez e\u011fitimlere baba adaylar\u0131 da kat\u0131ld\u0131. Nazilli Devlet Hastanesi\u2019nde d\u00fczenlenen Ak\u015fam Gebe Okulu e\u011fitimi bu kez farkl\u0131 bir heyecana sahne oldu. E\u011fitim program\u0131na anne adaylar\u0131n\u0131n yan\u0131 s\u0131ra baba adaylar\u0131 da dahil edildi. Yo\u011fun ilgi g\u00f6ren e\u011fitim, kat\u0131l\u0131mc\u0131lar taraf\u0131ndan b\u00fcy\u00fck be\u011feni toplad\u0131. E\u011fitimde, do\u011fum s\u00fcrecinde&#8230;<\/p>\n","protected":false},"author":1,"featured_media":34584,"comment_status":"open","ping_status":"open","sticky":false,"template":"","format":"standard","meta":{"_crdt_document":"","footnotes":""},"categories":[2],"tags":[],"class_list":["post-34583","post","type-post","status-publish","format-standard","has-post-thumbnail","hentry","category-saglik"],"_links":{"self":[{"href":"https:\/\/www.egemtv.com\/index.php?rest_route=\/wp\/v2\/posts\/34583","targetHints":{"allow":["GET"]}}],"collection":[{"href":"https:\/\/www.egemtv.com\/index.php?rest_route=\/wp\/v2\/posts"}],"about":[{"href":"https:\/\/www.egemtv.com\/index.php?rest_route=\/wp\/v2\/types\/post"}],"author":[{"embeddable":true,"href":"https:\/\/www.egemtv.com\/index.php?rest_route=\/wp\/v2\/users\/1"}],"replies":[{"embeddable":true,"href":"https:\/\/www.egemtv.com\/index.php?rest_route=%2Fwp%2Fv2%2Fcomments&post=34583"}],"version-history":[{"count":1,"href":"https:\/\/www.egemtv.com\/index.php?rest_route=\/wp\/v2\/posts\/34583\/revisions"}],"predecessor-version":[{"id":34585,"href":"https:\/\/www.egemtv.com\/index.php?rest_route=\/wp\/v2\/posts\/34583\/revisions\/34585"}],"wp:featuredmedia":[{"embeddable":true,"href":"https:\/\/www.egemtv.com\/index.php?rest_route=\/wp\/v2\/media\/34584"}],"wp:attachment":[{"href":"https:\/\/www.egemtv.com\/index.php?rest_route=%2Fwp%2Fv2%2Fmedia&parent=34583"}],"wp:term":[{"taxonomy":"category","embeddable":true,"href":"https:\/\/www.egemtv.com\/index.php?rest_route=%2Fwp%2Fv2%2Fcategories&post=34583"},{"taxonomy":"post_tag","embeddable":true,"href":"https:\/\/www.egemtv.com\/index.php?rest_route=%2Fwp%2Fv2%2Ftags&post=34583"}],"curies":[{"name":"wp","href":"https:\/\/api.w.org\/{rel}","templated":true}]}}