{"id":34580,"date":"2025-06-12T15:15:44","date_gmt":"2025-06-12T12:15:44","guid":{"rendered":"https:\/\/www.egemtv.com\/?p=34580"},"modified":"2025-06-12T15:15:48","modified_gmt":"2025-06-12T12:15:48","slug":"burdurda-halasinin-oglunu-olduren-sanik-korkutmak-istedim-oldurmek-istememistim","status":"publish","type":"post","link":"https:\/\/www.egemtv.com\/?p=34580","title":{"rendered":"Burdur\u2019da halas\u0131n\u0131n o\u011flunu \u00f6ld\u00fcren san\u0131k : &#8220;Korkutmak istedim, \u00f6ld\u00fcrmek istememi\u015ftim&#8221;"},"content":{"rendered":"<p>Burdur\u2019da arac\u0131n\u0131n \u00f6n\u00fcn\u00fc keserek halas\u0131n\u0131n o\u011flunu t\u00fcfekle \u00f6ld\u00fcren ve ayn\u0131 ara\u00e7taki iki ki\u015fiyi yaralayan Onur A. ile birlikte yarg\u0131lanan e\u015fi ve iki arkada\u015f\u0131 ilk kez hakim kar\u015f\u0131s\u0131na \u00e7\u0131kt\u0131. &#8220;Kasten \u00f6ld\u00fcrme&#8221; su\u00e7undan m\u00fcebbet hapsi istenen Onur A., savunmas\u0131nda &#8220;\u00d6ld\u00fcrme kast\u0131m yoktu, korkutmak istedim&#8221; dedi.<br \/>\n<br \/>Olay, 22 Eyl\u00fcl 2024 tarihinde saat 20.00 s\u0131ralar\u0131nda ya\u015fanan olayda, Burdur\u2019un Bucak il\u00e7esi Yunus Emre Mahallesi Y\u0131ld\u0131r\u0131m Caddesi ile 811 Sokak kesi\u015fiminde, aralar\u0131nda daha \u00f6nceden husumet bulunan halas\u0131n\u0131n o\u011flu Beytullah Soylu\u2019nun (24) kulland\u0131\u011f\u0131 ve Durmu\u015f S., \u00d6zcan S. (20) ile Bekir \u00d6.\u2019n\u00fcn (18) yolcu olarak bulundu\u011fu 15 ACV 879 plakal\u0131 otomobilin \u00f6n\u00fc, Onur A. (24) taraf\u0131ndan 07 AFZ 189 plakal\u0131 otomobil ile kesildi. Ara\u00e7 i\u00e7erisinde oturdu\u011fu yerden Beytullah Soylu\u2019nun arac\u0131na do\u011fru t\u00fcfekle 2 el ate\u015f eden Onur A., olay yerinden uzakla\u015ft\u0131. A\u00e7\u0131lan ate\u015f sonucu g\u00f6\u011fs\u00fcnden vurulan Beytullah, bilincini kaybetti. Yoku\u015f a\u015fa\u011f\u0131 kayan otomobil, park halindeki ba\u015fka bir araca \u00e7arparak durabildi. Ara\u00e7taki Bekir \u00d6. ve \u00d6zcan S. ise v\u00fccutlar\u0131n\u0131n \u00e7e\u015fitli yerlerine isabet eden sa\u00e7malarla yaraland\u0131. \u0130hbar \u00fczerine olay yerine gelen sa\u011fl\u0131k ekiplerinin ilk m\u00fcdahalesinin ard\u0131ndan yaral\u0131lar Bucak Devlet Hastanesi\u2019ne kald\u0131r\u0131ld\u0131. Durumu a\u011f\u0131r olan Beytullah Soylu, burada yap\u0131lan t\u00fcm m\u00fcdahalelere ra\u011fmen kurtar\u0131lamad\u0131.<\/p>\n<p>Bir evde saklan\u0131rken yakaland\u0131<br \/>\n<br \/>Cinayetin ard\u0131ndan ka\u00e7an Onur A., polis ekiplerince yap\u0131lan \u00e7al\u0131\u015fmalar sonucunda su\u00e7 aleti t\u00fcfek ile birlikte bir evde saklan\u0131rken yakaland\u0131. Olayla ilgili y\u00fcr\u00fct\u00fclen soru\u015fturmada, su\u00e7 delillerini gizledi\u011fi ve Onur A.\u2019n\u0131n saklanmas\u0131na yard\u0131m etti\u011fi iddia edilen babas\u0131 Ya\u015far A. (48), e\u015fi \u015eerife A. (21), arkada\u015flar\u0131 Beytullah T. (34) ve Erkan A. (32) g\u00f6zalt\u0131na al\u0131nd\u0131. Emniyetteki i\u015flemlerinin ard\u0131ndan Bucak Cumhuriyet Ba\u015fsavc\u0131l\u0131\u011f\u0131 taraf\u0131ndan tutuklanma istemiyle mahkemeye sevk edilen \u015fah\u0131slardan Onur A. ve e\u015fi \u015eerife A., Sulh Ceza Hakimli\u011fi\u2019nce tutuklan\u0131rken; arkada\u015flar\u0131 Beytullah T. ve Erkan A. ev hapsi cezas\u0131 verildi. Babas\u0131 Ya\u015far A. ise serbest b\u0131rak\u0131ld\u0131.<\/p>\n<p>Tutuklu san\u0131klar\u0131n iddianameleri<br \/>\n<br \/>Haz\u0131rlanan iddianamede, tutuklu san\u0131klar Onur A. ve e\u015fi \u015eerife A. hakk\u0131nda Beytullah Soylu\u2019ya y\u00f6nelik eylemlerinden &#8220;kasten \u00f6ld\u00fcrme su\u00e7undan m\u00fcebbet hapis cezas\u0131&#8221;, Bekir \u00d6. ve \u00d6zcan S.\u2019ye y\u00f6nelik eylemlerinden dolay\u0131 da ayr\u0131 ayr\u0131 &#8220;olas\u0131 kas\u0131tla silahla yaralama&#8221; su\u00e7undan 1,5 y\u0131ldan 4,5 y\u0131la kadar hapis cezas\u0131 talep edildi. Tutuksuz yarg\u0131lanan san\u0131klar Erkan A. ve Beytullah T. hakk\u0131nda ise &#8220;su\u00e7luyu kay\u0131rma&#8221; su\u00e7undan 6 aydan 5 y\u0131la kadar hapis cezas\u0131 istemiyle dava a\u00e7\u0131ld\u0131.<\/p>\n<p>San\u0131klar mahkemeye SEGB\u0130S ile ba\u011fland\u0131<br \/>\n<br \/>Olayla ilgili a\u00e7\u0131lan davan\u0131n ilk duru\u015fmas\u0131 bug\u00fcn Burdur 2. A\u011f\u0131r Ceza Mahkemesi\u2019nde g\u00f6r\u00fclmeye ba\u015fland\u0131. Duru\u015fmada tutuklu san\u0131k Onur A., olayda yaralanan Bekir \u00d6., \u00d6zcan S. ve olay an\u0131nda ara\u00e7 i\u00e7erisinde bulunan Durmu\u015f S. ile Beytullah Soylu\u2019nun yak\u0131nlar\u0131 ile taraf avukatlar\u0131 haz\u0131r bulundu. Tutuklu yarg\u0131lanan san\u0131k \u015eerife A. ile ev hapsi cezas\u0131 ile yarg\u0131lanan Erkan A. ve Beytullah T. ise SEGB\u0130S (Ses ve G\u00f6r\u00fcnt\u00fc Bili\u015fim Sistemleri) ile kat\u0131ld\u0131.<\/p>\n<p>&#8220;\u0130lk sald\u0131r\u0131y\u0131 kar\u015f\u0131 taraf yapt\u0131&#8221;<br \/>\n<br \/>Tutuklu san\u0131k Onur A. duru\u015fmadaki savunmas\u0131nda; &#8220;\u0130lk sald\u0131r\u0131y\u0131 kar\u015f\u0131 taraf yapt\u0131. \u00d6nce \u00fczerime araba s\u00fcr\u00fcp beni tehdit ettiler. Olay g\u00fcn\u00fc 3 arkada\u015f\u0131mla alkol ald\u0131ktan sonra e\u015fimle bulu\u015fmak i\u00e7in arabamla seyir halindeyken \u00f6n\u00fcme \u00d6zcan S. ve \u00d6zkan A. \u00e7\u0131kt\u0131. Arac\u0131 \u00f6n\u00fcme k\u0131rd\u0131lar camdan bana ba\u011f\u0131rarak &#8220;seni \u00f6ld\u00fcrece\u011fim&#8221; dedi. Bende kald\u0131r\u0131ma \u00e7\u0131k\u0131p ka\u00e7t\u0131m. Daha \u00f6nce Durmu\u015f, Servet, Beytullah ve \u00d6zcan taraf\u0131ndan darp edilmi\u015ftim. Arkada\u015flar\u0131m\u0131 indirdikten sonra e\u015fim \u015eerife ile bulu\u015fup alkol ald\u0131m. Tuvalet ihtiyac\u0131m\u0131 gidermek i\u00e7in yak\u0131nda bulunan bir caminin tuvaletine gittik. O s\u0131rada \u00d6zcan A.\u2019n\u0131n babas\u0131 Ersan A.\u2019y\u0131 aray\u0131p durumu anlatt\u0131m. O s\u0131rada i\u00e7erisinde Beytullah Soylu\u2019nun oldu\u011fu Tofa\u015f ara\u00e7 geldi yine k\u00fcfredip tehdit ettiler bende ka\u00e7t\u0131m. \u00c7ad\u0131ra gidip av t\u00fcfe\u011fini babamlar engel olmaya \u00e7al\u0131\u015fsa da ald\u0131m. E\u015fimle parka do\u011fru giderken takip edildi\u011fimi fark ettim. Olay yerine geldi\u011fimizde kar\u015f\u0131 istikametten Beytullah Soylu\u2019nun kulland\u0131\u011f\u0131 ve i\u00e7erisinde Durmu\u015f S., \u00d6zcan S. ve Bekir \u00d6.\u2019n\u00fcn oldu\u011fu ara\u00e7 gelerek \u00f6n\u00fcme durdu. Beytullah\u2019\u0131n bana do\u011fru silah \u00e7ekti\u011fini g\u00f6r\u00fcnce sol taraf\u0131mda kap\u0131 kenar\u0131nda bulunan t\u00fcfe\u011fi alarak hedef g\u00f6zetmeksizin 2 el ate\u015f ettim. Amac\u0131m sadece korkutmakt\u0131. T\u00fcfe\u011fi e\u015fim vermedi, &#8220;s\u0131k&#8221; diye bir beyanda bulunmad\u0131 ben kendim al\u0131p ate\u015f ettim. Daha sonra olay yerinden uzakla\u015ft\u0131m. Kimseyi \u00f6ld\u00fcrme niyetim yoktu. T\u00fcfe\u011fimin i\u00e7inde 3 kabzas\u0131nda 2 mermi vard\u0131 ama ben 2 el ate\u015f ettim \u00e7\u00fcnk\u00fc panikledim. E\u015fim \u015eerife A. ve arkada\u015flar\u0131m Erkan A. ve Beytullah T.\u2019nin olayla hi\u00e7bir ba\u011flant\u0131s\u0131 yoktur.  Evlerine gitti\u011fimde olaydan haberleri yoktu. Soru\u015fturma a\u015famas\u0131nda verdi\u011fim ifadeyi hat\u0131rlam\u0131yorum. Burada verdi\u011fim ifade ge\u00e7erlidir&#8221; dedi.<\/p>\n<p>&#8220;S\u0131k dedim&#8221; dememin sebebi cezaevinde daha g\u00fcvenli olaca\u011f\u0131m\u0131 d\u00fc\u015f\u00fcnmemdi<br \/>\n<br \/>Tutuklu san\u0131k \u015eerife A. ise mahkemedeki savunmas\u0131nda; savc\u0131l\u0131kta verdi\u011fi ifadesinin tekrarlad\u0131\u011f\u0131n\u0131 belirterek; &#8220;E\u015fime t\u00fcfe\u011fi ben vermedim ve kendisine de &#8220;s\u0131k&#8221; demedim. E\u015fimle lavaboya gitti\u011fimizde kar\u015f\u0131 taraf geldi biz de uzakla\u015f\u0131p \u00e7ad\u0131ra gittik. \u00c7ad\u0131ra gitti\u011fimizde Onur t\u00fcfe\u011fi ald\u0131. O g\u00fcn uyu\u015fturucu etkisinde oldu\u011fum i\u00e7in silah\u0131 nereye koydu\u011funu hat\u0131rlam\u0131yorum. Hat\u0131rlad\u0131\u011f\u0131m kadar\u0131yla arabayla giderken kar\u015f\u0131dan bir ara\u00e7 geldi. Ben i\u00e7inde kimin oturdu\u011funu g\u00f6rmedim ama bize silah do\u011frulttuklar\u0131n\u0131 g\u00f6rd\u00fcm. E\u015fim beni ve kendini korumak i\u00e7in rastgele ate\u015f etti. Daha sonra oradan ayr\u0131ld\u0131k. Durmu\u015f, Beytullah ve \u00d6zcan S. daha \u00f6ncesinde beni eve kapatarak e\u015fimden ay\u0131rmaya \u00e7al\u0131\u015ft\u0131. Beni uyu\u015fturucu kullanmaya te\u015fvik ettiler, namusuma g\u00f6z diktiler. Ben sorgulama esnas\u0131nda uyu\u015fturucu madde etkisindeydim. Emniyetteki ifademde &#8220;s\u0131k&#8221; dedim dememin sebebi bu s\u00fcre\u00e7te cezaevinde daha g\u00fcvenli olaca\u011f\u0131m\u0131 d\u00fc\u015f\u00fcnmemdi. Ama b\u00f6yle bir olay olmad\u0131&#8221; s\u00f6zlerini sarf etti.<\/p>\n<p>&#8220;Su\u00e7suzum 2 \u00e7ocu\u011fuma bakabilmem i\u00e7in ev hapsinin kald\u0131r\u0131lmas\u0131n\u0131 talep ediyorum&#8221;<br \/>\n<br \/>Ev hapsiyle yarg\u0131lanan san\u0131k Erkan A. ise ifadesinde olay\u0131n \u00f6ncesinde ve sonras\u0131nda olayla ilgisinin ve bilgisinin olmad\u0131\u011f\u0131n\u0131, olay\u0131 emniyette \u00f6\u011frendi\u011fini beyan ederek; &#8220;\u015eerife \u00e7ocuklar\u0131m\u0131n bak\u0131c\u0131s\u0131d\u0131r. Ben o g\u00fcn \u00e7ocuklar\u0131m\u0131 al\u0131\u015fveri\u015fe \u00e7\u0131karacakt\u0131m. \u015eerife\u2019de Onur ile bulu\u015facaklar\u0131n\u0131 s\u00f6yleyerek kendisini onun yan\u0131na b\u0131rakmam\u0131 istedi. Olay sonras\u0131 Onur\u2019u hi\u00e7 g\u00f6rmedim, beni arayan da olmad\u0131. Ben nezaretteyken evime geldiyse bilmiyorum. 9 ay 11 g\u00fcnd\u00fcr su\u00e7suz yere ev hapsindeyim. 4 ve 10 ya\u015f\u0131nda iki \u00e7ocu\u011fum var onlar\u0131n ge\u00e7imini sa\u011flamak i\u00e7in \u00e7al\u0131\u015fmam gerekiyor. Beraatimi talep ediyorum&#8221; dedi.<br \/>\n<br \/>Bir di\u011fer ev hapsindeki san\u0131k Beytullah T. ise Onur\u2019un olay sonras\u0131 evine gelip bir bira i\u00e7ip ceket istedi\u011fini evinde en fazla 15 dakika kald\u0131\u011f\u0131n\u0131 ve olayla ilgili bir \u015fey s\u00f6ylemedi\u011fini belirterek su\u00e7suz oldu\u011funu bu y\u00fczden beraatini talep etti\u011fini ifade etti.<br \/>\n<br \/>Vefat eden Beytullah Soylu\u2019nun e\u015fi Ay\u015fe Soylu, babas\u0131 Servet Soylu, Annesi Sevim Soylu, olay g\u00fcn\u00fc ara\u00e7 i\u00e7erisinde bulunan Bekir \u00d6., Durmu\u015f S., \u00d6zcan S. ise san\u0131klar\u0131n en a\u011f\u0131r ceza ile cezaland\u0131r\u0131lmas\u0131n\u0131 talep etti. Makt\u00fcl avukat\u0131 san\u0131klar\u0131n ayr\u0131 ayr\u0131 en a\u011f\u0131r \u015fekilde cezaland\u0131r\u0131lmalar\u0131n\u0131, tutuklu san\u0131klar\u0131n tutukluluk hallerinin devam\u0131n\u0131 ev hapsiyle yarg\u0131lanan san\u0131klar\u0131n ise tutuklu olarak yarg\u0131lanmalar\u0131n\u0131 talep etti.<br \/>\n<br \/>San\u0131k Onur A.\u2019n\u0131n avukat\u0131 iddianamede m\u00fcvekkilinin aleyhine olan hususlar\u0131 kabul etmediklerini, san\u0131\u011f\u0131n lehine olan hususlar\u0131n iddianameye i\u015flenmedi\u011fini bu y\u00fczden eksik hususlar\u0131n giderilmesini talep ederken di\u011fer san\u0131klar\u0131n avukatlar\u0131 ise m\u00fcvekkillerinin adli kontrol \u015fart\u0131yla serbest b\u0131rak\u0131lmas\u0131 isteminde bulundu. \u0130ddia makam\u0131 ise verdi\u011fi m\u00fctalaada dosyadaki eksik hususlar\u0131n giderilmesini, tutuklu san\u0131klar\u0131n tutukluluk hallerinin devam\u0131n\u0131, ev hapsi ile yarg\u0131lanan san\u0131klara ise uygulanan adli kontrol h\u00fck\u00fcmlerinin devam\u0131na karar verilmesini talep etti.<\/p>\n<p>Mahkemeden karar \u00e7\u0131kt\u0131<br \/>\n<br \/>Duru\u015fmaya k\u0131sa bir ara veren mahkeme heyeti tutuklu san\u0131klar Onur A. ve \u015eerife A.\u2019n\u0131n tutukluluk hallerinin devam\u0131na, ev hapsiyle yarg\u0131lanan Erkan A. ve Beytullah T.\u2019nin ise ev hapsinin kald\u0131r\u0131larak adli kontrol \u015fart\u0131yla serbest b\u0131rak\u0131lmas\u0131na karar vererek mahkemeyi ileri bir tarihe erteledi.<br \/><\/p>\n","protected":false},"excerpt":{"rendered":"<p>Burdur\u2019da arac\u0131n\u0131n \u00f6n\u00fcn\u00fc keserek halas\u0131n\u0131n o\u011flunu t\u00fcfekle \u00f6ld\u00fcren ve ayn\u0131 ara\u00e7taki iki ki\u015fiyi yaralayan Onur A. ile birlikte yarg\u0131lanan e\u015fi ve iki arkada\u015f\u0131 ilk kez hakim kar\u015f\u0131s\u0131na \u00e7\u0131kt\u0131. &#8220;Kasten \u00f6ld\u00fcrme&#8221; su\u00e7undan m\u00fcebbet hapsi istenen Onur A., savunmas\u0131nda &#8220;\u00d6ld\u00fcrme kast\u0131m yoktu, korkutmak istedim&#8221; dedi. Olay, 22 Eyl\u00fcl 2024 tarihinde saat 20.00 s\u0131ralar\u0131nda ya\u015fanan olayda, Burdur\u2019un Bucak&#8230;<\/p>\n","protected":false},"author":1,"featured_media":34581,"comment_status":"open","ping_status":"open","sticky":false,"template":"","format":"standard","meta":{"_crdt_document":"","footnotes":""},"categories":[5],"tags":[],"class_list":["post-34580","post","type-post","status-publish","format-standard","has-post-thumbnail","hentry","category-asayis"],"_links":{"self":[{"href":"https:\/\/www.egemtv.com\/index.php?rest_route=\/wp\/v2\/posts\/34580","targetHints":{"allow":["GET"]}}],"collection":[{"href":"https:\/\/www.egemtv.com\/index.php?rest_route=\/wp\/v2\/posts"}],"about":[{"href":"https:\/\/www.egemtv.com\/index.php?rest_route=\/wp\/v2\/types\/post"}],"author":[{"embeddable":true,"href":"https:\/\/www.egemtv.com\/index.php?rest_route=\/wp\/v2\/users\/1"}],"replies":[{"embeddable":true,"href":"https:\/\/www.egemtv.com\/index.php?rest_route=%2Fwp%2Fv2%2Fcomments&post=34580"}],"version-history":[{"count":1,"href":"https:\/\/www.egemtv.com\/index.php?rest_route=\/wp\/v2\/posts\/34580\/revisions"}],"predecessor-version":[{"id":34582,"href":"https:\/\/www.egemtv.com\/index.php?rest_route=\/wp\/v2\/posts\/34580\/revisions\/34582"}],"wp:featuredmedia":[{"embeddable":true,"href":"https:\/\/www.egemtv.com\/index.php?rest_route=\/wp\/v2\/media\/34581"}],"wp:attachment":[{"href":"https:\/\/www.egemtv.com\/index.php?rest_route=%2Fwp%2Fv2%2Fmedia&parent=34580"}],"wp:term":[{"taxonomy":"category","embeddable":true,"href":"https:\/\/www.egemtv.com\/index.php?rest_route=%2Fwp%2Fv2%2Fcategories&post=34580"},{"taxonomy":"post_tag","embeddable":true,"href":"https:\/\/www.egemtv.com\/index.php?rest_route=%2Fwp%2Fv2%2Ftags&post=34580"}],"curies":[{"name":"wp","href":"https:\/\/api.w.org\/{rel}","templated":true}]}}